{"id":57070,"date":"2026-02-05T21:48:06","date_gmt":"2026-02-05T21:48:06","guid":{"rendered":"https:\/\/haberbesiktas.tr\/?p=57070"},"modified":"2026-02-05T21:48:06","modified_gmt":"2026-02-05T21:48:06","slug":"ramy-bensebainiye-galatasaray-icin-izin-yok","status":"publish","type":"post","link":"https:\/\/haberbesiktas.tr\/?p=57070","title":{"rendered":"Ramy Bensebaini&#8217;ye Galatasaray i\u00e7in izin yok!"},"content":{"rendered":"<div>Borussia Dortmund, Galatasaray&#8217;\u0131n g\u00fcndemine gelen Ramy Bensebaini i\u00e7in karar\u0131n\u0131 verdi.<\/p>\n<p> 30 ya\u015f\u0131ndaki Cezayirli futbolcu, \u00fclkesi ile Afrika Kupas\u0131&#8217;nda u\u011fra\u015f ettikten sonra Borussia Dortmund&#8217;a geri d\u00f6nd\u00fc ancak ligde forma baht\u0131 bulamad\u0131.<\/p>\n<p><strong>AYRILI\u011eA SICAK BAKILMIYOR<\/strong><\/p>\n<p> Alman bas\u0131n\u0131nda yer alan habere nazaran, Borussia Dortmund, bu geli\u015fmeye kar\u015f\u0131n 30 ya\u015f\u0131ndaki futbolcunun gruptan ayr\u0131lmas\u0131na s\u0131cak bakm\u0131yor.<\/p>\n<p> Ramy Bensebaini&#8217;nin, Borussia Dortmund ile mukavelesi 2027 y\u0131l\u0131na kadar devam ediyor.<\/p>\n<p><strong>SEZON PERFORMANSI<\/strong><\/p>\n<p> Savunman\u0131n ortas\u0131nda ve sol bekte misyon yapabilen Bensebaini, Alman tak\u0131m\u0131nda bu d\u00f6nem 20 ma\u00e7ta m\u00fcddet buldu. 30 ya\u015f\u0131ndaki tecr\u00fcbeli futbolcu, 3 gol att\u0131 ve 1 asist yapt\u0131.<\/p>\n<\/div>\n","protected":false},"excerpt":{"rendered":"<p>Borussia Dortmund, Galatasaray&#8217;\u0131n g\u00fcndemine gelen Ramy Bensebaini&#8217;nin ayr\u0131lmas\u0131na s\u0131cak bakm\u0131yor.<\/p>\n","protected":false},"author":1,"featured_media":57071,"comment_status":"open","ping_status":"open","sticky":false,"template":"","format":"standard","meta":{"footnotes":""},"categories":[25],"tags":[],"class_list":["post-57070","post","type-post","status-publish","format-standard","has-post-thumbnail","hentry","category-futbol"],"_links":{"self":[{"href":"https:\/\/haberbesiktas.tr\/index.php?rest_route=\/wp\/v2\/posts\/57070","targetHints":{"allow":["GET"]}}],"collection":[{"href":"https:\/\/haberbesiktas.tr\/index.php?rest_route=\/wp\/v2\/posts"}],"about":[{"href":"https:\/\/haberbesiktas.tr\/index.php?rest_route=\/wp\/v2\/types\/post"}],"author":[{"embeddable":true,"href":"https:\/\/haberbesiktas.tr\/index.php?rest_route=\/wp\/v2\/users\/1"}],"replies":[{"embeddable":true,"href":"https:\/\/haberbesiktas.tr\/index.php?rest_route=%2Fwp%2Fv2%2Fcomments&post=57070"}],"version-history":[{"count":1,"href":"https:\/\/haberbesiktas.tr\/index.php?rest_route=\/wp\/v2\/posts\/57070\/revisions"}],"predecessor-version":[{"id":57072,"href":"https:\/\/haberbesiktas.tr\/index.php?rest_route=\/wp\/v2\/posts\/57070\/revisions\/57072"}],"wp:featuredmedia":[{"embeddable":true,"href":"https:\/\/haberbesiktas.tr\/index.php?rest_route=\/wp\/v2\/media\/57071"}],"wp:attachment":[{"href":"https:\/\/haberbesiktas.tr\/index.php?rest_route=%2Fwp%2Fv2%2Fmedia&parent=57070"}],"wp:term":[{"taxonomy":"category","embeddable":true,"href":"https:\/\/haberbesiktas.tr\/index.php?rest_route=%2Fwp%2Fv2%2Fcategories&post=57070"},{"taxonomy":"post_tag","embeddable":true,"href":"https:\/\/haberbesiktas.tr\/index.php?rest_route=%2Fwp%2Fv2%2Ftags&post=57070"}],"curies":[{"name":"wp","href":"https:\/\/api.w.org\/{rel}","templated":true}]}}