{"id":57076,"date":"2026-02-05T22:12:06","date_gmt":"2026-02-05T22:12:06","guid":{"rendered":"https:\/\/haberbesiktas.tr\/?p=57076"},"modified":"2026-02-05T22:12:06","modified_gmt":"2026-02-05T22:12:06","slug":"konyasporda-ilhan-palut-geri-donuyor","status":"publish","type":"post","link":"https:\/\/haberbesiktas.tr\/?p=57076","title":{"rendered":"Konyaspor&#8217;da \u0130lhan Palut geri d\u00f6n\u00fcyor"},"content":{"rendered":"<div>Konyaspor, \u00c7a\u011fda\u015f Atan sonras\u0131 teknik y\u00f6neticilik misyonuna yine \u0130lhan Palut&#8217;u getirmeye haz\u0131rlan\u0131yor.<\/p>\n<p> Ye\u015fil-beyazl\u0131lar, \u0130lhan Palut ile g\u00f6r\u00fc\u015fme yap\u0131laca\u011f\u0131n\u0131 ve 49 ya\u015f\u0131ndaki teknik adam\u0131n kente davet edildi\u011fini a\u00e7\u0131klad\u0131.<\/p>\n<p> <strong>Konyaspor&#8217;un a\u00e7\u0131klamas\u0131 \u015fu bi\u00e7imde:<\/strong><\/p>\n<p> &#8220;Kul\u00fcb\u00fcm\u00fcz T\u00fcmosan Konyaspor, teknik y\u00f6neticilik vazifesi kapsam\u0131nda de\u011ferlendirmelerde bulunmak ve g\u00f6r\u00fc\u015f al\u0131\u015fveri\u015fi yapmak \u00fczere Say\u0131n \u0130lhan Palut&#8217;u Konya&#8217;ya davet etmi\u015ftir.<\/p>\n<p> Say\u0131n Palut&#8217;un, bu gece (Per\u015fembe) ya da yar\u0131n (Cuma) sabah saatlerinde kentimize gelmesi beklenmektedir. Yap\u0131lacak g\u00f6r\u00fc\u015fmelerin akabinde kamuoyu gerekli formda bilgilendirilecektir.&#8221;<\/p>\n<\/div>\n","protected":false},"excerpt":{"rendered":"<p>Konyaspor, teknik y\u00f6netici \u0130lhan Palut ile g\u00f6r\u00fc\u015fme yapacak. Palut, g\u00f6r\u00fc\u015fmeler i\u00e7in kente davet edildi.<\/p>\n","protected":false},"author":1,"featured_media":57077,"comment_status":"open","ping_status":"open","sticky":false,"template":"","format":"standard","meta":{"footnotes":""},"categories":[25],"tags":[],"class_list":["post-57076","post","type-post","status-publish","format-standard","has-post-thumbnail","hentry","category-futbol"],"_links":{"self":[{"href":"https:\/\/haberbesiktas.tr\/index.php?rest_route=\/wp\/v2\/posts\/57076","targetHints":{"allow":["GET"]}}],"collection":[{"href":"https:\/\/haberbesiktas.tr\/index.php?rest_route=\/wp\/v2\/posts"}],"about":[{"href":"https:\/\/haberbesiktas.tr\/index.php?rest_route=\/wp\/v2\/types\/post"}],"author":[{"embeddable":true,"href":"https:\/\/haberbesiktas.tr\/index.php?rest_route=\/wp\/v2\/users\/1"}],"replies":[{"embeddable":true,"href":"https:\/\/haberbesiktas.tr\/index.php?rest_route=%2Fwp%2Fv2%2Fcomments&post=57076"}],"version-history":[{"count":1,"href":"https:\/\/haberbesiktas.tr\/index.php?rest_route=\/wp\/v2\/posts\/57076\/revisions"}],"predecessor-version":[{"id":57078,"href":"https:\/\/haberbesiktas.tr\/index.php?rest_route=\/wp\/v2\/posts\/57076\/revisions\/57078"}],"wp:featuredmedia":[{"embeddable":true,"href":"https:\/\/haberbesiktas.tr\/index.php?rest_route=\/wp\/v2\/media\/57077"}],"wp:attachment":[{"href":"https:\/\/haberbesiktas.tr\/index.php?rest_route=%2Fwp%2Fv2%2Fmedia&parent=57076"}],"wp:term":[{"taxonomy":"category","embeddable":true,"href":"https:\/\/haberbesiktas.tr\/index.php?rest_route=%2Fwp%2Fv2%2Fcategories&post=57076"},{"taxonomy":"post_tag","embeddable":true,"href":"https:\/\/haberbesiktas.tr\/index.php?rest_route=%2Fwp%2Fv2%2Ftags&post=57076"}],"curies":[{"name":"wp","href":"https:\/\/api.w.org\/{rel}","templated":true}]}}