{"id":57133,"date":"2026-02-06T02:00:05","date_gmt":"2026-02-06T02:00:05","guid":{"rendered":"https:\/\/haberbesiktas.tr\/?p=57133"},"modified":"2026-02-06T02:00:05","modified_gmt":"2026-02-06T02:00:05","slug":"ciro-immobileden-paris-fcde-ilk-mesaj","status":"publish","type":"post","link":"https:\/\/haberbesiktas.tr\/?p=57133","title":{"rendered":"Ciro Immobile&#8217;den Paris FC&#8217;de ilk mesaj!"},"content":{"rendered":"<div>\n<p>Ara transfer periyodunda Bologna&#8217;dan Paris FC&#8217;ye transfer olan \u0130talyan golc\u00fc Ciro Immobile, yeni grubuyla birinci ma\u00e7\u0131na \u00e7\u0131kt\u0131.<\/p>\n<p> Fransa Kupas\u0131 son 16 tipinde deplasmanda Lorient ile kar\u015f\u0131la\u015fan Paris FC&#8217;de deneyimli forvet \u00e7abaya yedek kul\u00fcbesinde ba\u015flad\u0131. M\u00fcsabakan\u0131n 58. dakikas\u0131nda oyuna dahil olan Immobile, skora katk\u0131 sa\u011flayamasa da yakalad\u0131\u011f\u0131 net f\u0131rsatlarla dikkat \u00e7ekti.<\/p>\n<p> <strong>&#8220;KATKI SA\u011eLAMAK \u0130ST\u0130YORUM&#8221;<\/strong><\/p>\n<p> M\u00fcsabakan\u0131n akabinde Frans\u0131z bas\u0131n\u0131ndan Le Parisien&#8217;e konu\u015fan 35 ya\u015f\u0131ndaki futbolcu, Paris FC mesle\u011fine dair birinci de\u011ferlendirmelerini yapt\u0131. Transfer s\u00fcrecinin hayli s\u00fcratli geli\u015fti\u011fini belirten Immobile, \u015fu s\u00f6zleri kulland\u0131:<\/p>\n<p> <strong>&#8220;Biraz g\u00fc\u00e7 bir hafta oldu zira transferi \u00e7ok k\u0131sa m\u00fcddette tamamlamak zorunda kald\u0131k. Fakat burada oldu\u011fum i\u00e7in \u00e7ok memnunum. Bu, \u00e7al\u0131\u015fmak isteyen ve \u00e7ok s\u00fcratli b\u00fcy\u00fcmeyi hedefleyen bir ekip. Ben de onlara yard\u0131mc\u0131 olmak, daha fazla gol atmalar\u0131 i\u00e7in katk\u0131 sa\u011flamak istiyorum.&#8221;<\/strong><\/p>\n<p> <strong>&#8220;KAL\u0130TE EKS\u0130KL\u0130\u011e\u0130 H\u0130SSETT\u0130M&#8221;<\/strong><\/p>\n<p> Ekiple \u015fimdi hudutlu say\u0131da idman yapt\u0131\u011f\u0131n\u0131 vurgulayan tecr\u00fcbeli golc\u00fc, ma\u00e7 ritmi gereksinimine da dikkat \u00e7ekerek \u015funlar\u0131 s\u00f6yledi:<\/p>\n<p> <strong>&#8220;\u015eu ana kadar grupla yaln\u0131zca bir idman yapt\u0131m. Buna kar\u015f\u0131n kendimi \u00e2l\u00e2 hissettim fakat ma\u00e7 temposuna gereksinimim oldu\u011funu da fark ettim. Zira Bologna&#8217;da \u00e7ok fazla forma baht\u0131 bulamad\u0131m. Oyunda biraz kalite eksikli\u011fi hissettim.&#8221;<\/strong><\/p>\n<\/div>\n","protected":false},"excerpt":{"rendered":"<p>Ciro Immobile, Paris FC formas\u0131yla birinci ma\u00e7\u0131na \u00e7\u0131kt\u0131. Deneyimli golc\u00fc, ma\u00e7 temposu eksi\u011fi hissetti\u011fini s\u00f6ylerken kadroya gol katk\u0131s\u0131 vermek istedi\u011fini vurgulad\u0131.<\/p>\n","protected":false},"author":1,"featured_media":57134,"comment_status":"open","ping_status":"open","sticky":false,"template":"","format":"standard","meta":{"footnotes":""},"categories":[25],"tags":[],"class_list":["post-57133","post","type-post","status-publish","format-standard","has-post-thumbnail","hentry","category-futbol"],"_links":{"self":[{"href":"https:\/\/haberbesiktas.tr\/index.php?rest_route=\/wp\/v2\/posts\/57133","targetHints":{"allow":["GET"]}}],"collection":[{"href":"https:\/\/haberbesiktas.tr\/index.php?rest_route=\/wp\/v2\/posts"}],"about":[{"href":"https:\/\/haberbesiktas.tr\/index.php?rest_route=\/wp\/v2\/types\/post"}],"author":[{"embeddable":true,"href":"https:\/\/haberbesiktas.tr\/index.php?rest_route=\/wp\/v2\/users\/1"}],"replies":[{"embeddable":true,"href":"https:\/\/haberbesiktas.tr\/index.php?rest_route=%2Fwp%2Fv2%2Fcomments&post=57133"}],"version-history":[{"count":1,"href":"https:\/\/haberbesiktas.tr\/index.php?rest_route=\/wp\/v2\/posts\/57133\/revisions"}],"predecessor-version":[{"id":57135,"href":"https:\/\/haberbesiktas.tr\/index.php?rest_route=\/wp\/v2\/posts\/57133\/revisions\/57135"}],"wp:featuredmedia":[{"embeddable":true,"href":"https:\/\/haberbesiktas.tr\/index.php?rest_route=\/wp\/v2\/media\/57134"}],"wp:attachment":[{"href":"https:\/\/haberbesiktas.tr\/index.php?rest_route=%2Fwp%2Fv2%2Fmedia&parent=57133"}],"wp:term":[{"taxonomy":"category","embeddable":true,"href":"https:\/\/haberbesiktas.tr\/index.php?rest_route=%2Fwp%2Fv2%2Fcategories&post=57133"},{"taxonomy":"post_tag","embeddable":true,"href":"https:\/\/haberbesiktas.tr\/index.php?rest_route=%2Fwp%2Fv2%2Ftags&post=57133"}],"curies":[{"name":"wp","href":"https:\/\/api.w.org\/{rel}","templated":true}]}}