{"id":57170,"date":"2026-02-06T04:12:05","date_gmt":"2026-02-06T04:12:05","guid":{"rendered":"https:\/\/haberbesiktas.tr\/?p=57170"},"modified":"2026-02-06T04:12:05","modified_gmt":"2026-02-06T04:12:05","slug":"menemen-fk-transferde-dogukan-emeksiz-ile-imzaladi","status":"publish","type":"post","link":"https:\/\/haberbesiktas.tr\/?p=57170","title":{"rendered":"Menemen FK transferde Do\u011fukan Emeksiz ile imzalad\u0131"},"content":{"rendered":"<div><span>TFF 2&#8217;nci Lig K\u0131rm\u0131z\u0131 K\u00fcme&#8217;de Play-Off&#8217;a kalma u\u011fra\u015f\u0131 veren Menemen Futbol Kul\u00fcb\u00fc, sa\u011f kanat Do\u011fukan Emeksiz&#8217;i renklerine ba\u011flad\u0131. Son olarak 2&#8217;nci Lig temsilcisi Mardin 1969 Spor&#8217;da forma giyen 26 ya\u015f\u0131ndaki oyuncuyla 1,5 y\u0131ll\u0131k kontrat imzaland\u0131. <\/p>\n<p>Kul\u00fcpten yap\u0131lan resmi a\u00e7\u0131klamada, <strong>&#8220;Kul\u00fcb\u00fcm\u00fcz, son olarak Mardin 1969&#8217;da forma giyen 26 ya\u015f\u0131ndaki kanat oyuncusu Do\u011fukan Emeksiz ile 1,5 y\u0131ll\u0131k muahede sa\u011flam\u0131\u015ft\u0131r. Do\u011fukan Emeksiz&#8217;e ailemize g\u00fczel geldin diyor, ulu armam\u0131z alt\u0131nda muvaffakiyetler diliyoruz&#8221;<\/strong> denildi. <\/p>\n<p>Sar\u0131yer&#8217;de yeti\u015fen Do\u011fukan, mesle\u011finde Yeni Malatyaspor, Afyonspor, Manisa FK ve Adanaspor&#8217;da da top ko\u015fturdu. Mardin 1969 Spor&#8217;da bu d\u00f6nem 12 ma\u00e7a \u00e7\u0131kan oyuncu 1 defa fileleri sarst\u0131.<\/span><\/div>\n","protected":false},"excerpt":{"rendered":"<p>Bu d\u00f6nem Mardin 1969 Spor&#8217;da top ko\u015fturan Do\u011fukan Emeksiz, Menemen FK&#8217;ya transfer oldu<\/p>\n","protected":false},"author":1,"featured_media":57171,"comment_status":"open","ping_status":"open","sticky":false,"template":"","format":"standard","meta":{"footnotes":""},"categories":[25],"tags":[],"class_list":["post-57170","post","type-post","status-publish","format-standard","has-post-thumbnail","hentry","category-futbol"],"_links":{"self":[{"href":"https:\/\/haberbesiktas.tr\/index.php?rest_route=\/wp\/v2\/posts\/57170","targetHints":{"allow":["GET"]}}],"collection":[{"href":"https:\/\/haberbesiktas.tr\/index.php?rest_route=\/wp\/v2\/posts"}],"about":[{"href":"https:\/\/haberbesiktas.tr\/index.php?rest_route=\/wp\/v2\/types\/post"}],"author":[{"embeddable":true,"href":"https:\/\/haberbesiktas.tr\/index.php?rest_route=\/wp\/v2\/users\/1"}],"replies":[{"embeddable":true,"href":"https:\/\/haberbesiktas.tr\/index.php?rest_route=%2Fwp%2Fv2%2Fcomments&post=57170"}],"version-history":[{"count":1,"href":"https:\/\/haberbesiktas.tr\/index.php?rest_route=\/wp\/v2\/posts\/57170\/revisions"}],"predecessor-version":[{"id":57172,"href":"https:\/\/haberbesiktas.tr\/index.php?rest_route=\/wp\/v2\/posts\/57170\/revisions\/57172"}],"wp:featuredmedia":[{"embeddable":true,"href":"https:\/\/haberbesiktas.tr\/index.php?rest_route=\/wp\/v2\/media\/57171"}],"wp:attachment":[{"href":"https:\/\/haberbesiktas.tr\/index.php?rest_route=%2Fwp%2Fv2%2Fmedia&parent=57170"}],"wp:term":[{"taxonomy":"category","embeddable":true,"href":"https:\/\/haberbesiktas.tr\/index.php?rest_route=%2Fwp%2Fv2%2Fcategories&post=57170"},{"taxonomy":"post_tag","embeddable":true,"href":"https:\/\/haberbesiktas.tr\/index.php?rest_route=%2Fwp%2Fv2%2Ftags&post=57170"}],"curies":[{"name":"wp","href":"https:\/\/api.w.org\/{rel}","templated":true}]}}