{"id":57173,"date":"2026-02-06T04:24:12","date_gmt":"2026-02-06T04:24:12","guid":{"rendered":"https:\/\/haberbesiktas.tr\/?p=57173"},"modified":"2026-02-06T04:24:12","modified_gmt":"2026-02-06T04:24:12","slug":"bucaspor-1928de-mecit-sercan-parliyor","status":"publish","type":"post","link":"https:\/\/haberbesiktas.tr\/?p=57173","title":{"rendered":"Bucaspor 1928&#8217;de Mecit Sercan parl\u0131yor"},"content":{"rendered":"<div>TFF 2&#8217;nci Lig Beyaz K\u00fcme&#8217;de 12 puanla son s\u0131rada yer alan Bucaspor 1928 k\u00fcmede kalmak i\u00e7in \u00e7\u0131rp\u0131n\u0131rken, gen\u00e7 kanat oyuncusu Mecit Sercan Deniz&#8217;in performans\u0131 ise gelecek ismine umut verdi. Sar\u0131-lacivertlilerin alt yap\u0131s\u0131ndan yeti\u015fen ve bu d\u00f6nem profesyonel olan 18 ya\u015f\u0131ndaki futbolcu 22 ma\u00e7ta att\u0131\u011f\u0131 goller ve yapt\u0131\u011f\u0131 asistlerle \u00f6n plana \u00e7\u0131kt\u0131.<\/p>\n<p><strong>O\u011eUZ AYDIN&#8217;A BENZ\u0130YOR<\/strong><\/p>\n<p> Toplam 1791 dakika sar\u0131-lacivertli formay\u0131 giyen Sercan 7 gol at\u0131p 4 de asist yapt\u0131. Bir\u00e7ok gen\u00e7 oyuncuyu T\u00fcrk futboluna arma\u011fan eden Bucaspor 1928&#8217;de Sercan&#8217;\u0131n \u015fekli Buca&#8217;da yeti\u015fip \u015fu an Fenerbah\u00e7e&#8217;de vazife yapan O\u011fuz Ayd\u0131n&#8217;a benzetildi. Bucaspor 1928&#8217;le 2028 y\u0131l\u0131na kadar kontrat\u0131 bulunan Sercan&#8217;\u0131n yaz d\u00f6neminde \u00fcst lig gruplar\u0131ndan birine gitmesine kesin g\u00f6z\u00fcyle bak\u0131l\u0131yor.<\/p>\n<p> \u00a0<\/p>\n<\/div>\n","protected":false},"excerpt":{"rendered":"<p>Bu d\u00f6nem ortaya koydu\u011fu performansla isminden kelam ettiren Mecit Sercan, bir \u00fcst lige g\u00f6z k\u0131rp\u0131yor<\/p>\n","protected":false},"author":1,"featured_media":57174,"comment_status":"open","ping_status":"open","sticky":false,"template":"","format":"standard","meta":{"footnotes":""},"categories":[25],"tags":[],"class_list":["post-57173","post","type-post","status-publish","format-standard","has-post-thumbnail","hentry","category-futbol"],"_links":{"self":[{"href":"https:\/\/haberbesiktas.tr\/index.php?rest_route=\/wp\/v2\/posts\/57173","targetHints":{"allow":["GET"]}}],"collection":[{"href":"https:\/\/haberbesiktas.tr\/index.php?rest_route=\/wp\/v2\/posts"}],"about":[{"href":"https:\/\/haberbesiktas.tr\/index.php?rest_route=\/wp\/v2\/types\/post"}],"author":[{"embeddable":true,"href":"https:\/\/haberbesiktas.tr\/index.php?rest_route=\/wp\/v2\/users\/1"}],"replies":[{"embeddable":true,"href":"https:\/\/haberbesiktas.tr\/index.php?rest_route=%2Fwp%2Fv2%2Fcomments&post=57173"}],"version-history":[{"count":1,"href":"https:\/\/haberbesiktas.tr\/index.php?rest_route=\/wp\/v2\/posts\/57173\/revisions"}],"predecessor-version":[{"id":57175,"href":"https:\/\/haberbesiktas.tr\/index.php?rest_route=\/wp\/v2\/posts\/57173\/revisions\/57175"}],"wp:featuredmedia":[{"embeddable":true,"href":"https:\/\/haberbesiktas.tr\/index.php?rest_route=\/wp\/v2\/media\/57174"}],"wp:attachment":[{"href":"https:\/\/haberbesiktas.tr\/index.php?rest_route=%2Fwp%2Fv2%2Fmedia&parent=57173"}],"wp:term":[{"taxonomy":"category","embeddable":true,"href":"https:\/\/haberbesiktas.tr\/index.php?rest_route=%2Fwp%2Fv2%2Fcategories&post=57173"},{"taxonomy":"post_tag","embeddable":true,"href":"https:\/\/haberbesiktas.tr\/index.php?rest_route=%2Fwp%2Fv2%2Ftags&post=57173"}],"curies":[{"name":"wp","href":"https:\/\/api.w.org\/{rel}","templated":true}]}}