{"id":57176,"date":"2026-02-06T04:36:08","date_gmt":"2026-02-06T04:36:08","guid":{"rendered":"https:\/\/haberbesiktas.tr\/?p=57176"},"modified":"2026-02-06T04:36:08","modified_gmt":"2026-02-06T04:36:08","slug":"trabzonsporda-daniel-karlsbakk-transferi-iptal-oldu","status":"publish","type":"post","link":"https:\/\/haberbesiktas.tr\/?p=57176","title":{"rendered":"Trabzonspor&#8217;da Daniel Karlsbakk transferi iptal oldu!"},"content":{"rendered":"<div>Norve\u00e7 temsilcisi Sarpsborg 08 ile Trabzonspor ortas\u0131nda Daniel Karlsbakk&#8217;\u0131n transferi i\u00e7in y\u00fcr\u00fct\u00fclen g\u00f6r\u00fc\u015fmelerde de\u011ferli bir etaba gelinmesine kar\u015f\u0131n, s\u00fcre\u00e7 tamamlanamad\u0131.<\/p>\n<p> Eliteserien&#8217;de ge\u00e7ti\u011fimiz d\u00f6nem gol krall\u0131\u011f\u0131 ya\u015fayan gen\u00e7 forvet i\u00e7in Trabzonspor&#8217;un \u00f6nemli bir teklif sundu\u011fu belirtilmi\u015fti. Taraflar\u0131n prensipte mutabakata vard\u0131\u011f\u0131 s\u00f6z edilirken, ayr\u0131nt\u0131larda ya\u015fanan s\u0131k\u0131nt\u0131lar nedeniyle transfer s\u00fcreci uzad\u0131. Trabzonspor bu s\u00fcre\u00e7te forvet b\u00f6lgesine Umut Nay\u0131r&#8217;\u0131 katarken Felipe Augusto&#8217;yu ise g\u00f6nderemedi.<\/p>\n<p> 8.5 milyon Euro&#8217;yu bulan transfer g\u00f6r\u00fc\u015fmeleri s\u00fcrecin uzamas\u0131 nedeniyle taraflar\u0131n ortak karar\u0131yla iptal edildi.<\/p>\n<p> Mutabakat\u0131n k\u0131sa m\u00fcddette sonu\u00e7lanaca\u011f\u0131 beklentisiyle Daniel Karlsbakk, Sarpsborg&#8217;un son haz\u0131rl\u0131k ma\u00e7lar\u0131nda forma giymemi\u015fti.<\/p>\n<p> Ekstra bir durum olmad\u0131\u011f\u0131 s\u00fcrece Sarpsborg 08&#8217;in, gen\u00e7 golc\u00fcs\u00fcyle yeni d\u00f6neme devam edece\u011fi s\u00f6z edildi. [61Saat]\n<\/div>\n","protected":false},"excerpt":{"rendered":"<p>Trabzonspor&#8217;da Daniel Karlsbakk transferi iptal oldu. \u0130\u015fte transfer s\u00fcrecinde ya\u015fananlar&#8230;<\/p>\n","protected":false},"author":1,"featured_media":57177,"comment_status":"open","ping_status":"open","sticky":false,"template":"","format":"standard","meta":{"footnotes":""},"categories":[25],"tags":[],"class_list":["post-57176","post","type-post","status-publish","format-standard","has-post-thumbnail","hentry","category-futbol"],"_links":{"self":[{"href":"https:\/\/haberbesiktas.tr\/index.php?rest_route=\/wp\/v2\/posts\/57176","targetHints":{"allow":["GET"]}}],"collection":[{"href":"https:\/\/haberbesiktas.tr\/index.php?rest_route=\/wp\/v2\/posts"}],"about":[{"href":"https:\/\/haberbesiktas.tr\/index.php?rest_route=\/wp\/v2\/types\/post"}],"author":[{"embeddable":true,"href":"https:\/\/haberbesiktas.tr\/index.php?rest_route=\/wp\/v2\/users\/1"}],"replies":[{"embeddable":true,"href":"https:\/\/haberbesiktas.tr\/index.php?rest_route=%2Fwp%2Fv2%2Fcomments&post=57176"}],"version-history":[{"count":1,"href":"https:\/\/haberbesiktas.tr\/index.php?rest_route=\/wp\/v2\/posts\/57176\/revisions"}],"predecessor-version":[{"id":57178,"href":"https:\/\/haberbesiktas.tr\/index.php?rest_route=\/wp\/v2\/posts\/57176\/revisions\/57178"}],"wp:featuredmedia":[{"embeddable":true,"href":"https:\/\/haberbesiktas.tr\/index.php?rest_route=\/wp\/v2\/media\/57177"}],"wp:attachment":[{"href":"https:\/\/haberbesiktas.tr\/index.php?rest_route=%2Fwp%2Fv2%2Fmedia&parent=57176"}],"wp:term":[{"taxonomy":"category","embeddable":true,"href":"https:\/\/haberbesiktas.tr\/index.php?rest_route=%2Fwp%2Fv2%2Fcategories&post=57176"},{"taxonomy":"post_tag","embeddable":true,"href":"https:\/\/haberbesiktas.tr\/index.php?rest_route=%2Fwp%2Fv2%2Ftags&post=57176"}],"curies":[{"name":"wp","href":"https:\/\/api.w.org\/{rel}","templated":true}]}}