{"id":57179,"date":"2026-02-06T04:48:08","date_gmt":"2026-02-06T04:48:08","guid":{"rendered":"https:\/\/haberbesiktas.tr\/?p=57179"},"modified":"2026-02-06T04:48:08","modified_gmt":"2026-02-06T04:48:08","slug":"al-hilale-transfer-olan-karim-benzemayi-yerden-yere-vurdu","status":"publish","type":"post","link":"https:\/\/haberbesiktas.tr\/?p=57179","title":{"rendered":"Al Hilal&#8217;e transfer olan Karim Benzema&#8217;y\u0131 yerden yere vurdu!"},"content":{"rendered":"<div>\n<p>Suudi Arabistan&#8217;da orta transfer periyodunda Al-Hilal&#8217;e imza atan Karim Benzema, bu transferiyle b\u00fcy\u00fck tart\u0131\u015fma yaratt\u0131. Frans\u0131z y\u0131ld\u0131z\u0131n, d\u00f6nemin ortas\u0131nda Al-Ittihad&#8217;dan ayr\u0131l\u0131p direkt ezeli rakibe gitmesi, toplulukta reaksiyonlara neden oldu.<\/p>\n<p> Suudi Pro League&#8217;de son \u015fampiyon unvan\u0131n\u0131 ta\u015f\u0131yan Al-Ittihad&#8217;\u0131n bu sezon ligde 6. s\u0131rada kalmas\u0131 ve \u015fampiyonluk yar\u0131\u015f\u0131ndan erken kopmas\u0131, tenkitlerin dozunu daha da art\u0131rd\u0131. Kul\u00fcp tarihinin en k\u0131ymetli isimlerinden biri olan Mohammed Noor, Benzema&#8217;n\u0131n karar\u0131n\u0131 sert s\u00f6zlerle maksat ald\u0131.<\/p>\n<p> <strong>&#8220;H\u0130\u00c7B\u0130R \u015eEY YAPMADI, SONRA TAKV\u0130YE G\u00d6RD\u00dc&#8221;<\/strong><\/p>\n<p> 1994-2013 ve 2014-2016 y\u0131llar\u0131 ortas\u0131nda Al-Ittihad formas\u0131 giyen<span><em><strong> Mohammed Noor, Dawrina Gher program\u0131nda<\/strong> <\/em><\/span>Frans\u0131z y\u0131ld\u0131z\u0131 adeta yerden yere vurdu. Noor, Benzema&#8217;n\u0131n kul\u00fcpteki birinci d\u00f6nemini hat\u0131rlatarak \u015funlar\u0131 s\u00f6yledi:\u00a0<\/p>\n<p> <strong>&#8220;Benzema Al-Ittihad&#8217;a geldi\u011fi birinci d\u00f6nemde ne yapt\u0131? Hi\u00e7bir \u015fey yapmad\u0131, de\u011fil mi? Sonraki d\u00f6nemde ise her \u015feyi alt\u00fcst etti. Pekala onu kim sahiden destekledi? Kim gerisinde durdu? Al-Ittihad formas\u0131yla ka\u00e7 penalt\u0131 ka\u00e7\u0131rd\u0131, 5-6 penalt\u0131 de\u011fil mi?&#8221;<\/strong><\/p>\n<p> <strong>&#8220;TARAFTAR ONU SIRTLADI, KUPALAR GELD\u0130&#8221;<\/strong><\/p>\n<p> Tecr\u00fcbeli isim, taraftarlar\u0131n Benzema&#8217;ya verdi\u011fi dayana\u011f\u0131n alt\u0131n\u0131 \u00e7izdi:<\/p>\n<p> <strong>&#8220;Taraftarlar ne yapt\u0131? Onu destekledi. Grubun tamam\u0131n\u0131 destekledi ve biz hem ligi hem de kupay\u0131 kazand\u0131k. Ger\u00e7ek mu s\u00f6yl\u00fcyorum, s\u00f6ylemiyor muyum?&#8221;<\/strong><\/p>\n<p> <strong>&#8220;SEN K\u0130MS\u0130N?&#8221;<\/strong><\/p>\n<p> Noor&#8217;un en sert s\u00f6zleri ise Benzema&#8217;n\u0131n ayr\u0131l\u0131k karar\u0131na geldi:<\/p>\n<p> <strong>&#8220;T\u00fcm bunlardan sonra d\u00f6nem ortas\u0131nda \u00e7\u0131k\u0131p &#8216;Bu ekip i\u00e7in art\u0131k oynamak istemiyorum&#8217; diyorsun. Sen kimsin? Mesle\u011fine h\u00fcrmetim var fakat Ronaldo&#8217;dan ne fark\u0131n var? Onunla bile k\u0131yaslanm\u0131yorsun. Hi\u00e7 kimsesin.&#8221;<\/strong><\/p>\n<\/div>\n","protected":false},"excerpt":{"rendered":"<p>Karim Benzema&#8217;n\u0131n Al-Ittihad&#8217;dan Al-Hilal&#8217;e transferi b\u00fcy\u00fck reaksiyon \u00e7ekti. Kul\u00fcp efsanesi Mohammed Noor, Frans\u0131z y\u0131ld\u0131z\u0131 sert s\u00f6zlerle maksat ald\u0131.<\/p>\n","protected":false},"author":1,"featured_media":57180,"comment_status":"open","ping_status":"open","sticky":false,"template":"","format":"standard","meta":{"footnotes":""},"categories":[25],"tags":[258,430,57],"class_list":["post-57179","post","type-post","status-publish","format-standard","has-post-thumbnail","hentry","category-futbol","tag-al-ittihad","tag-kim","tag-sezon"],"_links":{"self":[{"href":"https:\/\/haberbesiktas.tr\/index.php?rest_route=\/wp\/v2\/posts\/57179","targetHints":{"allow":["GET"]}}],"collection":[{"href":"https:\/\/haberbesiktas.tr\/index.php?rest_route=\/wp\/v2\/posts"}],"about":[{"href":"https:\/\/haberbesiktas.tr\/index.php?rest_route=\/wp\/v2\/types\/post"}],"author":[{"embeddable":true,"href":"https:\/\/haberbesiktas.tr\/index.php?rest_route=\/wp\/v2\/users\/1"}],"replies":[{"embeddable":true,"href":"https:\/\/haberbesiktas.tr\/index.php?rest_route=%2Fwp%2Fv2%2Fcomments&post=57179"}],"version-history":[{"count":1,"href":"https:\/\/haberbesiktas.tr\/index.php?rest_route=\/wp\/v2\/posts\/57179\/revisions"}],"predecessor-version":[{"id":57181,"href":"https:\/\/haberbesiktas.tr\/index.php?rest_route=\/wp\/v2\/posts\/57179\/revisions\/57181"}],"wp:featuredmedia":[{"embeddable":true,"href":"https:\/\/haberbesiktas.tr\/index.php?rest_route=\/wp\/v2\/media\/57180"}],"wp:attachment":[{"href":"https:\/\/haberbesiktas.tr\/index.php?rest_route=%2Fwp%2Fv2%2Fmedia&parent=57179"}],"wp:term":[{"taxonomy":"category","embeddable":true,"href":"https:\/\/haberbesiktas.tr\/index.php?rest_route=%2Fwp%2Fv2%2Fcategories&post=57179"},{"taxonomy":"post_tag","embeddable":true,"href":"https:\/\/haberbesiktas.tr\/index.php?rest_route=%2Fwp%2Fv2%2Ftags&post=57179"}],"curies":[{"name":"wp","href":"https:\/\/api.w.org\/{rel}","templated":true}]}}