{"id":57182,"date":"2026-02-06T05:00:06","date_gmt":"2026-02-06T05:00:06","guid":{"rendered":"https:\/\/haberbesiktas.tr\/?p=57182"},"modified":"2026-02-06T05:00:06","modified_gmt":"2026-02-06T05:00:06","slug":"yusuf-demir-rapid-wiene-dondu","status":"publish","type":"post","link":"https:\/\/haberbesiktas.tr\/?p=57182","title":{"rendered":"Yusuf Demir, Rapid Wien&#8217;e d\u00f6nd\u00fc"},"content":{"rendered":"<div>Galatasaray&#8217;dan ayr\u0131lan Yusuf Demir, eski kadrosu Rapid Wien&#8217;e geri d\u00f6nd\u00fc.<\/p>\n<p> Rapid Wien, 22 ya\u015f\u0131ndaki eski oyuncusunu tak\u0131m\u0131na katt\u0131\u011f\u0131n\u0131 a\u00e7\u0131klad\u0131.<\/p>\n<p> Yusuf Demir, Rapid Wien ile 2027 y\u0131l\u0131na kadar s\u00fcrecek mukavele imzalad\u0131.<\/p>\n<p> Galatasaray, Yusuf Demir&#8217;i 2022 y\u0131l\u0131nda Rapid Wien&#8217;den tak\u0131m\u0131na katm\u0131\u015ft\u0131. Galatasaray formas\u0131 alt\u0131nda toplamda 26 ma\u00e7a \u00e7\u0131kan Yusuf Demir, 2 gol att\u0131 ve 2 asist yapt\u0131.<\/p>\n<\/div>\n","protected":false},"excerpt":{"rendered":"<p>Rapid Wien, Galatasaray&#8217;dan ayr\u0131lan Yusuf Demir&#8217;i tak\u0131m\u0131na katt\u0131\u011f\u0131n\u0131 a\u00e7\u0131klad\u0131.<\/p>\n","protected":false},"author":1,"featured_media":57183,"comment_status":"open","ping_status":"open","sticky":false,"template":"","format":"standard","meta":{"footnotes":""},"categories":[25],"tags":[],"class_list":["post-57182","post","type-post","status-publish","format-standard","has-post-thumbnail","hentry","category-futbol"],"_links":{"self":[{"href":"https:\/\/haberbesiktas.tr\/index.php?rest_route=\/wp\/v2\/posts\/57182","targetHints":{"allow":["GET"]}}],"collection":[{"href":"https:\/\/haberbesiktas.tr\/index.php?rest_route=\/wp\/v2\/posts"}],"about":[{"href":"https:\/\/haberbesiktas.tr\/index.php?rest_route=\/wp\/v2\/types\/post"}],"author":[{"embeddable":true,"href":"https:\/\/haberbesiktas.tr\/index.php?rest_route=\/wp\/v2\/users\/1"}],"replies":[{"embeddable":true,"href":"https:\/\/haberbesiktas.tr\/index.php?rest_route=%2Fwp%2Fv2%2Fcomments&post=57182"}],"version-history":[{"count":1,"href":"https:\/\/haberbesiktas.tr\/index.php?rest_route=\/wp\/v2\/posts\/57182\/revisions"}],"predecessor-version":[{"id":57184,"href":"https:\/\/haberbesiktas.tr\/index.php?rest_route=\/wp\/v2\/posts\/57182\/revisions\/57184"}],"wp:featuredmedia":[{"embeddable":true,"href":"https:\/\/haberbesiktas.tr\/index.php?rest_route=\/wp\/v2\/media\/57183"}],"wp:attachment":[{"href":"https:\/\/haberbesiktas.tr\/index.php?rest_route=%2Fwp%2Fv2%2Fmedia&parent=57182"}],"wp:term":[{"taxonomy":"category","embeddable":true,"href":"https:\/\/haberbesiktas.tr\/index.php?rest_route=%2Fwp%2Fv2%2Fcategories&post=57182"},{"taxonomy":"post_tag","embeddable":true,"href":"https:\/\/haberbesiktas.tr\/index.php?rest_route=%2Fwp%2Fv2%2Ftags&post=57182"}],"curies":[{"name":"wp","href":"https:\/\/api.w.org\/{rel}","templated":true}]}}