{"id":57188,"date":"2026-02-06T05:24:08","date_gmt":"2026-02-06T05:24:08","guid":{"rendered":"https:\/\/haberbesiktas.tr\/?p=57188"},"modified":"2026-02-06T05:24:08","modified_gmt":"2026-02-06T05:24:08","slug":"cagdas-atan-konyasporla-super-ligde-galibiyet-alamadi","status":"publish","type":"post","link":"https:\/\/haberbesiktas.tr\/?p=57188","title":{"rendered":"\u00c7a\u011fda\u015f Atan, Konyaspor&#8217;la S\u00fcper Lig&#8217;de galibiyet alamad\u0131"},"content":{"rendered":"<div>Trendyol S\u00fcper Lig tak\u0131mlar\u0131ndan T\u00dcMOSAN Konyaspor, kar\u015f\u0131l\u0131kl\u0131 anla\u015farak yollar\u0131n\u0131 ay\u0131rd\u0131\u011f\u0131 teknik y\u00f6netici \u00c7a\u011fda\u015f Atan y\u00f6netiminde S\u00fcper Lig&#8217;de \u00e7\u0131kt\u0131\u011f\u0131 9 ma\u00e7\u0131 da kazanamad\u0131.<\/p>\n<p>B\u00fcy\u00fck umutlar ve taraftar\u0131n co\u015fkulu kar\u015f\u0131lamas\u0131yla 6 Kas\u0131m 2025&#8217;te Konyaspor&#8217;a imza atan \u00c7a\u011fda\u015f Atan, ye\u015fil-beyazl\u0131 tak\u0131mda beklentileri kar\u015f\u0131layamad\u0131.<\/p>\n<p> Teknik y\u00f6netici Recep U\u00e7ar&#8217;\u0131n akabinde ekibin ba\u015f\u0131na getirilen Atan, Konyaspor&#8217;un ba\u015f\u0131nda ligde \u00e7\u0131kt\u0131\u011f\u0131 9 ma\u00e7ta galibiyet sevinci ya\u015fayamad\u0131. Bu s\u00fcre\u00e7te 5 beraberlik ve 4 yenilgi alan Konya temsilcisi, 5 puan toplayarak 14. s\u0131raya geriledi.<\/p>\n<p> Atan y\u00f6netimindeki Konyaspor, Ziraat T\u00fcrkiye Kupas\u0131&#8217;nda ise ligdeki performans\u0131n\u0131n bilakis 3 ma\u00e7ta da galibiyet elde etti.<\/p>\n<p> <span>Gol yollar\u0131nda etkisiz kald\u0131, kaleyi savunamad\u0131<\/span><\/p>\n<p> Konyaspor, \u00c7a\u011fda\u015f Atan idaresinde gol yollar\u0131nda etkisiz kal\u0131rken kalesini de savunamad\u0131.<br \/>Ye\u015fil-beyazl\u0131 grup, 45 ya\u015f\u0131ndaki teknik adam y\u00f6netiminde \u00e7\u0131kt\u0131\u011f\u0131 9 lig ma\u00e7\u0131nda yaln\u0131zca 6 gol atabildi.<br \/>Buna ra\u011fmen Konyaspor, kelam konusu kar\u015f\u0131la\u015fmalarda kalesinde 15 gole engel olamad\u0131.<\/p>\n<p> Ligde 10 ma\u00e7t\u0131r kazanamayan Konya temsilcisi, Atan idaresinde d\u0131\u015f alanda \u00e7\u0131kt\u0131\u011f\u0131 5 m\u00fcsabakan\u0131n 4&#8217;\u00fcn\u00fc kaybetti.<\/p>\n<p> \u0130stenilen sonu\u00e7lar\u0131n al\u0131namamas\u0131 \u00fczerine Konyaspor ile \u00c7a\u011fda\u015f Atan, yollar\u0131 ay\u0131rma karar\u0131 ald\u0131.<\/p>\n<p> <span>&#8220;Baz\u0131 \u00e7i\u00e7ekler kimi topraklarda yeti\u015fmiyor maalesef&#8221;<strong><br \/><\/strong><\/span><br \/>Atan, ABD merkezli X \u015firketinin toplumsal medya platformundaki hesab\u0131ndan payla\u015ft\u0131\u011f\u0131 bildiride, &#8220;Sizlere bir Konyaspor efsanesi olan Say\u0131n Aykut Kocaman&#8217;\u0131n s\u00f6zleriyle veda etmek istiyorum; birtak\u0131m \u00e7i\u00e7ekler kimi topraklarda yeti\u015fmiyor maalesef. Liderimiz \u00d6mer Atiker ve idare heyetine, oyuncular\u0131m\u0131za, bilhassa t\u00fcm i\u015f\u00e7imize ve beni m\u00fckemmel kar\u015f\u0131lay\u0131p her vakit dayanak olan Nal\u00e7ac\u0131l\u0131lar Taraftar K\u00fcmesine \u00e7ok te\u015fekk\u00fcr ederim.&#8221; tabirlerini kulland\u0131.<\/p>\n<\/div>\n","protected":false},"excerpt":{"rendered":"<p>T\u00dcMOSAN Konyaspor&#8217;un ba\u015f\u0131nda 9 lig ma\u00e7\u0131na \u00e7\u0131kan \u00c7a\u011fda\u015f Atan, ya\u015fanan 5 beraberlik ve 4 yenilgiyle 5 puan toplayabildi.<\/p>\n","protected":false},"author":1,"featured_media":57189,"comment_status":"open","ping_status":"open","sticky":false,"template":"","format":"standard","meta":{"footnotes":""},"categories":[25],"tags":[1770,183,51],"class_list":["post-57188","post","type-post","status-publish","format-standard","has-post-thumbnail","hentry","category-futbol","tag-atan","tag-konya","tag-lig"],"_links":{"self":[{"href":"https:\/\/haberbesiktas.tr\/index.php?rest_route=\/wp\/v2\/posts\/57188","targetHints":{"allow":["GET"]}}],"collection":[{"href":"https:\/\/haberbesiktas.tr\/index.php?rest_route=\/wp\/v2\/posts"}],"about":[{"href":"https:\/\/haberbesiktas.tr\/index.php?rest_route=\/wp\/v2\/types\/post"}],"author":[{"embeddable":true,"href":"https:\/\/haberbesiktas.tr\/index.php?rest_route=\/wp\/v2\/users\/1"}],"replies":[{"embeddable":true,"href":"https:\/\/haberbesiktas.tr\/index.php?rest_route=%2Fwp%2Fv2%2Fcomments&post=57188"}],"version-history":[{"count":1,"href":"https:\/\/haberbesiktas.tr\/index.php?rest_route=\/wp\/v2\/posts\/57188\/revisions"}],"predecessor-version":[{"id":57190,"href":"https:\/\/haberbesiktas.tr\/index.php?rest_route=\/wp\/v2\/posts\/57188\/revisions\/57190"}],"wp:featuredmedia":[{"embeddable":true,"href":"https:\/\/haberbesiktas.tr\/index.php?rest_route=\/wp\/v2\/media\/57189"}],"wp:attachment":[{"href":"https:\/\/haberbesiktas.tr\/index.php?rest_route=%2Fwp%2Fv2%2Fmedia&parent=57188"}],"wp:term":[{"taxonomy":"category","embeddable":true,"href":"https:\/\/haberbesiktas.tr\/index.php?rest_route=%2Fwp%2Fv2%2Fcategories&post=57188"},{"taxonomy":"post_tag","embeddable":true,"href":"https:\/\/haberbesiktas.tr\/index.php?rest_route=%2Fwp%2Fv2%2Ftags&post=57188"}],"curies":[{"name":"wp","href":"https:\/\/api.w.org\/{rel}","templated":true}]}}