{"id":57200,"date":"2026-02-06T06:12:09","date_gmt":"2026-02-06T06:12:09","guid":{"rendered":"https:\/\/haberbesiktas.tr\/?p=57200"},"modified":"2026-02-06T06:12:09","modified_gmt":"2026-02-06T06:12:09","slug":"samsunsporda-elayis-tavsan-turk-statusunde","status":"publish","type":"post","link":"https:\/\/haberbesiktas.tr\/?p=57200","title":{"rendered":"Samsunspor&#8217;da Elayis Tavsan, T\u00fcrk stat\u00fcs\u00fcnde"},"content":{"rendered":"<div>\n<div>\n<div><span>S\u00fcper Lig gruplar\u0131ndan Samsunspor&#8217;da vatanda\u015fl\u0131k s\u00fcre\u00e7leri tamamlanan Elayis Tavsan&#8217;\u0131n T\u00fcrk stat\u00fcs\u00fcnde forma giyece\u011fi bildirildi.<\/span><\/div>\n<\/p><\/div>\n<div>\n<div> K\u0131rm\u0131z\u0131-beyazl\u0131 kul\u00fcpten yap\u0131lan a\u00e7\u0131klamaya nazaran Elayis Tavsan&#8217;\u0131n T\u00fcrkiye Cumhuriyeti vatanda\u015fl\u0131k s\u00fcre\u00e7lerinin k\u0131sa m\u00fcddette tamamlanmas\u0131na verdi\u011fi destekten dolay\u0131 \u0130\u00e7i\u015fleri Bakan\u0131 Ali Yerlikaya ve t\u00fcm devlet yetkililerine te\u015fekk\u00fcr edildi.<\/p>\n<p> Vatanda\u015fl\u0131k s\u00fcre\u00e7leri tamamlanan Hollanda do\u011fumlu 25 ya\u015f\u0131ndaki kanat oyuncusu, T\u00fcrk stat\u00fcs\u00fcnde forma giyecek.<\/p>\n<div>\u00a0<\/div>\n<\/p><\/div>\n<div>\u00a0<\/div>\n<\/p><\/div>\n<\/div>\n","protected":false},"excerpt":{"rendered":"<p>Samsunspor&#8217;da vatanda\u015fl\u0131k s\u00fcre\u00e7leri tamamlanan Elayis Tavsan, art\u0131k T\u00fcrk stat\u00fcs\u00fcnde oynayacak<\/p>\n","protected":false},"author":1,"featured_media":57201,"comment_status":"open","ping_status":"open","sticky":false,"template":"","format":"standard","meta":{"footnotes":""},"categories":[25],"tags":[],"class_list":["post-57200","post","type-post","status-publish","format-standard","has-post-thumbnail","hentry","category-futbol"],"_links":{"self":[{"href":"https:\/\/haberbesiktas.tr\/index.php?rest_route=\/wp\/v2\/posts\/57200","targetHints":{"allow":["GET"]}}],"collection":[{"href":"https:\/\/haberbesiktas.tr\/index.php?rest_route=\/wp\/v2\/posts"}],"about":[{"href":"https:\/\/haberbesiktas.tr\/index.php?rest_route=\/wp\/v2\/types\/post"}],"author":[{"embeddable":true,"href":"https:\/\/haberbesiktas.tr\/index.php?rest_route=\/wp\/v2\/users\/1"}],"replies":[{"embeddable":true,"href":"https:\/\/haberbesiktas.tr\/index.php?rest_route=%2Fwp%2Fv2%2Fcomments&post=57200"}],"version-history":[{"count":1,"href":"https:\/\/haberbesiktas.tr\/index.php?rest_route=\/wp\/v2\/posts\/57200\/revisions"}],"predecessor-version":[{"id":57202,"href":"https:\/\/haberbesiktas.tr\/index.php?rest_route=\/wp\/v2\/posts\/57200\/revisions\/57202"}],"wp:featuredmedia":[{"embeddable":true,"href":"https:\/\/haberbesiktas.tr\/index.php?rest_route=\/wp\/v2\/media\/57201"}],"wp:attachment":[{"href":"https:\/\/haberbesiktas.tr\/index.php?rest_route=%2Fwp%2Fv2%2Fmedia&parent=57200"}],"wp:term":[{"taxonomy":"category","embeddable":true,"href":"https:\/\/haberbesiktas.tr\/index.php?rest_route=%2Fwp%2Fv2%2Fcategories&post=57200"},{"taxonomy":"post_tag","embeddable":true,"href":"https:\/\/haberbesiktas.tr\/index.php?rest_route=%2Fwp%2Fv2%2Ftags&post=57200"}],"curies":[{"name":"wp","href":"https:\/\/api.w.org\/{rel}","templated":true}]}}