{"id":57249,"date":"2026-02-06T09:12:11","date_gmt":"2026-02-06T09:12:11","guid":{"rendered":"https:\/\/haberbesiktas.tr\/?p=57249"},"modified":"2026-02-06T09:12:11","modified_gmt":"2026-02-06T09:12:11","slug":"samsunsporda-sterling-transferi-iptal","status":"publish","type":"post","link":"https:\/\/haberbesiktas.tr\/?p=57249","title":{"rendered":"Samsunspor&#8217;da Sterling transferi iptal!"},"content":{"rendered":"<div>Samsunspor&#8217;da Raheem Sterling&#8217;in transferi iptal oldu.<\/p>\n<p> Chelsea, kadroda bu d\u00f6nem m\u00fcddet alamayan \u0130ngiliz y\u0131ld\u0131z\u0131n kontrat\u0131n\u0131 ge\u00e7ti\u011fimiz g\u00fcnlerde feshetti ve Sterling ile yollar ayr\u0131ld\u0131.<\/p>\n<p> S\u00fcper Lig tak\u0131mlar\u0131ndan Samsunspor, bu geli\u015fmenin akabinde Sterling transferi i\u00e7in devreye girdi. Lakin Karadeniz tak\u0131m\u0131, 31 ya\u015f\u0131ndaki futbolcunun transferinde istedi\u011fini elde edemedi.<\/p>\n<p> Sterling, T\u00fcrkiye&#8217;ye gelmek istemedi\u011fi i\u00e7in transfer iptal oldu.<\/p>\n<p> Samsunspor Kul\u00fcp Bas\u0131n S\u00f6zc\u00fcs\u00fc Suat \u00c7ak\u0131r, &#8220;<strong>Raheem Sterling transferiyle ilgili bir \u00e7al\u0131\u015fma vard\u0131, baya\u011f\u0131 bir yol al\u0131nd\u0131. Muahedeye hakikat gidilirken daha sonra futbolcunun T\u00fcrkiye&#8217;ye gelmek istememesi y\u00fcz\u00fcnden transfer bozuldu.&#8221;<\/strong> a\u00e7\u0131klamas\u0131n\u0131 yapt\u0131.<\/p>\n<p><\/div>\n","protected":false},"excerpt":{"rendered":"<p>Samsunspor&#8217;da Raheem Sterling transferi iptal oldu. Sterling, T\u00fcrkiye&#8217;ye gelmek istemiyor.<\/p>\n","protected":false},"author":1,"featured_media":57250,"comment_status":"open","ping_status":"open","sticky":false,"template":"","format":"standard","meta":{"footnotes":""},"categories":[25],"tags":[4086,48],"class_list":["post-57249","post","type-post","status-publish","format-standard","has-post-thumbnail","hentry","category-futbol","tag-sterling","tag-transfer"],"_links":{"self":[{"href":"https:\/\/haberbesiktas.tr\/index.php?rest_route=\/wp\/v2\/posts\/57249","targetHints":{"allow":["GET"]}}],"collection":[{"href":"https:\/\/haberbesiktas.tr\/index.php?rest_route=\/wp\/v2\/posts"}],"about":[{"href":"https:\/\/haberbesiktas.tr\/index.php?rest_route=\/wp\/v2\/types\/post"}],"author":[{"embeddable":true,"href":"https:\/\/haberbesiktas.tr\/index.php?rest_route=\/wp\/v2\/users\/1"}],"replies":[{"embeddable":true,"href":"https:\/\/haberbesiktas.tr\/index.php?rest_route=%2Fwp%2Fv2%2Fcomments&post=57249"}],"version-history":[{"count":1,"href":"https:\/\/haberbesiktas.tr\/index.php?rest_route=\/wp\/v2\/posts\/57249\/revisions"}],"predecessor-version":[{"id":57251,"href":"https:\/\/haberbesiktas.tr\/index.php?rest_route=\/wp\/v2\/posts\/57249\/revisions\/57251"}],"wp:featuredmedia":[{"embeddable":true,"href":"https:\/\/haberbesiktas.tr\/index.php?rest_route=\/wp\/v2\/media\/57250"}],"wp:attachment":[{"href":"https:\/\/haberbesiktas.tr\/index.php?rest_route=%2Fwp%2Fv2%2Fmedia&parent=57249"}],"wp:term":[{"taxonomy":"category","embeddable":true,"href":"https:\/\/haberbesiktas.tr\/index.php?rest_route=%2Fwp%2Fv2%2Fcategories&post=57249"},{"taxonomy":"post_tag","embeddable":true,"href":"https:\/\/haberbesiktas.tr\/index.php?rest_route=%2Fwp%2Fv2%2Ftags&post=57249"}],"curies":[{"name":"wp","href":"https:\/\/api.w.org\/{rel}","templated":true}]}}