{"id":57252,"date":"2026-02-06T09:24:08","date_gmt":"2026-02-06T09:24:08","guid":{"rendered":"https:\/\/haberbesiktas.tr\/?p=57252"},"modified":"2026-02-06T09:24:08","modified_gmt":"2026-02-06T09:24:08","slug":"trabzonsporda-rota-yine-aral-simsir","status":"publish","type":"post","link":"https:\/\/haberbesiktas.tr\/?p=57252","title":{"rendered":"Trabzonspor&#8217;da rota yine Aral \u015eim\u015fir"},"content":{"rendered":"<div>Trabzonspor, Midtjylland formas\u0131 giyen Aral \u015eim\u015fir i\u00e7in defterini yine a\u00e7t\u0131.<\/p>\n<p> Bordo-mavililer, Aral \u015eim\u015fir i\u00e7in Midtjylland ile yine g\u00f6r\u00fc\u015fmelere ba\u015flad\u0131.<\/p>\n<p> Midtjylland formas\u0131 alt\u0131nda bu d\u00f6nem 35 ma\u00e7ta m\u00fchlet bulan 23 ya\u015f\u0131ndaki Aral \u015eim\u015fir, 8 gol att\u0131 ve 15 asist yapt\u0131.<\/p>\n<p> \u015eimdiki piyasa bedeli 6 milyon euro olarak g\u00f6sterilen Aral \u015eim\u015fir&#8217;in, kul\u00fcb\u00fc Midtjylland ile mukavelesi 2029 y\u0131l\u0131na kadar devam ediyor.<\/p>\n<\/div>\n","protected":false},"excerpt":{"rendered":"<p>Trabzonspor, Aral \u015eim\u015fir i\u00e7in Midtjylland ile tekrar g\u00f6r\u00fc\u015fmelere ba\u015flad\u0131.<\/p>\n","protected":false},"author":1,"featured_media":57253,"comment_status":"open","ping_status":"open","sticky":false,"template":"","format":"standard","meta":{"footnotes":""},"categories":[25],"tags":[],"class_list":["post-57252","post","type-post","status-publish","format-standard","has-post-thumbnail","hentry","category-futbol"],"_links":{"self":[{"href":"https:\/\/haberbesiktas.tr\/index.php?rest_route=\/wp\/v2\/posts\/57252","targetHints":{"allow":["GET"]}}],"collection":[{"href":"https:\/\/haberbesiktas.tr\/index.php?rest_route=\/wp\/v2\/posts"}],"about":[{"href":"https:\/\/haberbesiktas.tr\/index.php?rest_route=\/wp\/v2\/types\/post"}],"author":[{"embeddable":true,"href":"https:\/\/haberbesiktas.tr\/index.php?rest_route=\/wp\/v2\/users\/1"}],"replies":[{"embeddable":true,"href":"https:\/\/haberbesiktas.tr\/index.php?rest_route=%2Fwp%2Fv2%2Fcomments&post=57252"}],"version-history":[{"count":1,"href":"https:\/\/haberbesiktas.tr\/index.php?rest_route=\/wp\/v2\/posts\/57252\/revisions"}],"predecessor-version":[{"id":57254,"href":"https:\/\/haberbesiktas.tr\/index.php?rest_route=\/wp\/v2\/posts\/57252\/revisions\/57254"}],"wp:featuredmedia":[{"embeddable":true,"href":"https:\/\/haberbesiktas.tr\/index.php?rest_route=\/wp\/v2\/media\/57253"}],"wp:attachment":[{"href":"https:\/\/haberbesiktas.tr\/index.php?rest_route=%2Fwp%2Fv2%2Fmedia&parent=57252"}],"wp:term":[{"taxonomy":"category","embeddable":true,"href":"https:\/\/haberbesiktas.tr\/index.php?rest_route=%2Fwp%2Fv2%2Fcategories&post=57252"},{"taxonomy":"post_tag","embeddable":true,"href":"https:\/\/haberbesiktas.tr\/index.php?rest_route=%2Fwp%2Fv2%2Ftags&post=57252"}],"curies":[{"name":"wp","href":"https:\/\/api.w.org\/{rel}","templated":true}]}}