{"id":57270,"date":"2026-02-06T10:36:12","date_gmt":"2026-02-06T10:36:12","guid":{"rendered":"https:\/\/haberbesiktas.tr\/?p=57270"},"modified":"2026-02-06T10:36:12","modified_gmt":"2026-02-06T10:36:12","slug":"arne-slottan-van-dijkin-gelecegi-icin-aciklama","status":"publish","type":"post","link":"https:\/\/haberbesiktas.tr\/?p=57270","title":{"rendered":"Arne Slot&#8217;tan Van Dijk&#8217;in gelece\u011fi i\u00e7in a\u00e7\u0131klama!"},"content":{"rendered":"<div>\n<p>Liverpool Teknik Y\u00f6neticisi Arne Slot, ekip kaptan\u0131 Virgil van Dijk&#8217;\u0131n kul\u00fcpteki gelece\u011fi hakk\u0131nda dikkat \u00e7eken a\u00e7\u0131klamalarda bulundu.<\/p>\n<p> Deneyimli teknik adam, Van Dijk&#8217;\u0131n durumuyla ilgili \u015fu s\u00f6zleri kulland\u0131:\u00a0<\/p>\n<p> <strong>&#8220;Biz hi\u00e7bir vakit panik i\u00e7inde hareket etmeyiz. Ald\u0131\u011f\u0131m\u0131z t\u00fcm kararlar uzun vadeli fikirler \u00fczerine kurulu ve bu yaln\u0131zca tek bir ki\u015finin de\u011fil, bir\u00e7ok ki\u015finin uzun m\u00fchlet \u00fczerinde d\u00fc\u015f\u00fcnd\u00fc\u011f\u00fc planlara dayan\u0131yor. Elbette Virgil&#8217;in Liverpool&#8217;da 10 y\u0131l daha kalmayaca\u011f\u0131n\u0131 biliyoruz ancak \u00f6n\u00fcnde h\u00e2l\u00e2 bir bu\u00e7uk y\u0131ll\u0131k mukavelesi var. Bu m\u00fchlet boyunca bizimle olacak, hatta tahminen daha da uzun.&#8221;<\/strong><\/p>\n<p> <strong>&#8220;UMARIM BU SEV\u0130YEY\u0130 B\u0130RKA\u00c7 YIL DAHA KORUYAB\u0130L\u0130R&#8221;\u00a0<\/strong><\/p>\n<p> Van Dijk&#8217;\u0131n mevcut performans\u0131na da \u00f6zel bir parantez a\u00e7an Slot, Hollandal\u0131 savunmac\u0131n\u0131n fizik\u00ee durumuna dikkat \u00e7ekti:\u00a0<\/p>\n<p> <strong>&#8220;E\u011fer \u015fu anki formunu s\u00fcrd\u00fcr\u00fcrse\u2026 Bu ya\u015fta, 7-8 ay boyunca neredeyse her \u00fc\u00e7 g\u00fcnde bir hem kul\u00fcp hem de ulusal kadro i\u00e7in oynamak ba\u015fl\u0131 ba\u015f\u0131na bir \u00f6vg\u00fcd\u00fcr. Umar\u0131m bu seviyeyi birka\u00e7 y\u0131l daha koruyabilir.&#8221;<\/strong><\/p>\n<p> <strong>&#8220;VAN DIJK SONRASI PER\u0130YODA DE HAZIRIZ&#8221;<\/strong><\/p>\n<p> Liverpool&#8217;un gelece\u011fi \u015fimdiden planlad\u0131\u011f\u0131n\u0131 belirten Slot, kelamlar\u0131n\u0131 \u015f\u00f6yle tamamlad\u0131:<\/p>\n<p> <strong>&#8220;Biz aptal de\u011filiz. \u00d6n\u00fcm\u00fczdeki y\u0131llarda kul\u00fcb\u00fcn Virgil olmadan bir hayata ad\u0131m ataca\u011f\u0131n\u0131 biliyoruz. Birebir durumu her konum i\u00e7in s\u00f6yleyebilirim. Kul\u00fcp yaln\u0131zca k\u0131sa vadeyi de\u011fil, orta ve uzun vadeli planlar\u0131 da d\u00fc\u015f\u00fcn\u00fcyor.&#8221;<\/strong><\/p>\n<\/div>\n","protected":false},"excerpt":{"rendered":"<p>Liverpool Teknik Y\u00f6neticisi Arne Slot, Hollandal\u0131 savunmac\u0131 Virgil van Dijk&#8217;in gelece\u011fi hakk\u0131nda konu\u015ftu.<\/p>\n","protected":false},"author":1,"featured_media":57271,"comment_status":"open","ping_status":"open","sticky":false,"template":"","format":"standard","meta":{"footnotes":""},"categories":[25],"tags":[],"class_list":["post-57270","post","type-post","status-publish","format-standard","has-post-thumbnail","hentry","category-futbol"],"_links":{"self":[{"href":"https:\/\/haberbesiktas.tr\/index.php?rest_route=\/wp\/v2\/posts\/57270","targetHints":{"allow":["GET"]}}],"collection":[{"href":"https:\/\/haberbesiktas.tr\/index.php?rest_route=\/wp\/v2\/posts"}],"about":[{"href":"https:\/\/haberbesiktas.tr\/index.php?rest_route=\/wp\/v2\/types\/post"}],"author":[{"embeddable":true,"href":"https:\/\/haberbesiktas.tr\/index.php?rest_route=\/wp\/v2\/users\/1"}],"replies":[{"embeddable":true,"href":"https:\/\/haberbesiktas.tr\/index.php?rest_route=%2Fwp%2Fv2%2Fcomments&post=57270"}],"version-history":[{"count":1,"href":"https:\/\/haberbesiktas.tr\/index.php?rest_route=\/wp\/v2\/posts\/57270\/revisions"}],"predecessor-version":[{"id":57272,"href":"https:\/\/haberbesiktas.tr\/index.php?rest_route=\/wp\/v2\/posts\/57270\/revisions\/57272"}],"wp:featuredmedia":[{"embeddable":true,"href":"https:\/\/haberbesiktas.tr\/index.php?rest_route=\/wp\/v2\/media\/57271"}],"wp:attachment":[{"href":"https:\/\/haberbesiktas.tr\/index.php?rest_route=%2Fwp%2Fv2%2Fmedia&parent=57270"}],"wp:term":[{"taxonomy":"category","embeddable":true,"href":"https:\/\/haberbesiktas.tr\/index.php?rest_route=%2Fwp%2Fv2%2Fcategories&post=57270"},{"taxonomy":"post_tag","embeddable":true,"href":"https:\/\/haberbesiktas.tr\/index.php?rest_route=%2Fwp%2Fv2%2Ftags&post=57270"}],"curies":[{"name":"wp","href":"https:\/\/api.w.org\/{rel}","templated":true}]}}