{"id":57273,"date":"2026-02-06T10:48:10","date_gmt":"2026-02-06T10:48:10","guid":{"rendered":"https:\/\/haberbesiktas.tr\/?p=57273"},"modified":"2026-02-06T10:48:10","modified_gmt":"2026-02-06T10:48:10","slug":"vinicius-juniora-irkci-hareketin-cezasi-belli-oldu","status":"publish","type":"post","link":"https:\/\/haberbesiktas.tr\/?p=57273","title":{"rendered":"Vinicius Junior&#8217;a \u0131rk\u00e7\u0131 hareketin cezas\u0131 belli oldu!"},"content":{"rendered":"<div>\n<p>\u0130spanya&#8217;da Albacete taraftar\u0131n\u0131n, Real Madrid formas\u0131 giyen Vinicius Junior&#8217;a y\u00f6nelik \u0131rk\u00e7\u0131 davran\u0131\u015f\u0131yla ilgili karar a\u00e7\u0131kland\u0131.\u00a0<\/p>\n<p> Olay, \u0130spanya Kupas\u0131 son 16 tipinde oynanan ve Albacete&#8217;nin Real Madrid&#8217;i 3-2 ma\u011flup etti\u011fi m\u00fcsabakada ya\u015fand\u0131. \u00c7abada Albacete&#8217;nin \u00fc\u00e7\u00fcnc\u00fc gol\u00fcn\u00fcn akabinde bir taraftar, trib\u00fcnden Vin\u00edcius J\u00fanior&#8217;a hakikat muz kabu\u011fu f\u0131rlatt\u0131. At\u0131lan cisim futbolcuya isabet etmezken, k\u0131sa m\u00fcddet sonra saha vazifelileri taraf\u0131ndan \u00e7imlerden kald\u0131r\u0131ld\u0131.<\/p>\n<p> Ya\u015fanan olay\u0131n akabinde harekete ge\u00e7en polis tak\u0131mlar\u0131, kelam konusu taraftar\u0131n kimli\u011fini tespit etti. Yetkililer, yap\u0131lan hareketi a\u00e7\u0131k bir \u0131rk\u00e7\u0131l\u0131k g\u00f6stergesi olarak k\u0131ymetlendirdi.<\/p>\n<p> <strong>CEZA MUHAKKAK OLDU<\/strong><\/p>\n<p> <em><span><strong>Marca&#8217;n\u0131n haberine nazaran;<\/strong> <\/span><\/em>Spor&#8217;da \u015eiddet, Irk\u00e7\u0131l\u0131k, Yabanc\u0131 D\u00fc\u015fmanl\u0131\u011f\u0131 ve Ho\u015fg\u00f6r\u00fcs\u00fczl\u00fckle U\u011fra\u015f Devlet Kurulu, olayla ilgili karar\u0131n\u0131 a\u00e7\u0131klad\u0131. Komite, taraftar\u0131n aksiyonunu \u00f6nemli bir ihlal olarak nitelendirirken, 5 bin euro para cezas\u0131 ve 12 ay boyunca t\u00fcm sportif etkinliklerden men cezas\u0131 verdi.<\/p>\n<\/div>\n","protected":false},"excerpt":{"rendered":"<p>Real Madrid&#8217;li Vinicius Junior&#8217;a y\u00f6nelik \u0131rk\u00e7\u0131 davran\u0131\u015fta bulunan Albacete taraftar\u0131na 5 bin euro para cezas\u0131 ve 12 ay men cezas\u0131 verildi.<\/p>\n","protected":false},"author":1,"featured_media":57274,"comment_status":"open","ping_status":"open","sticky":false,"template":"","format":"standard","meta":{"footnotes":""},"categories":[25],"tags":[],"class_list":["post-57273","post","type-post","status-publish","format-standard","has-post-thumbnail","hentry","category-futbol"],"_links":{"self":[{"href":"https:\/\/haberbesiktas.tr\/index.php?rest_route=\/wp\/v2\/posts\/57273","targetHints":{"allow":["GET"]}}],"collection":[{"href":"https:\/\/haberbesiktas.tr\/index.php?rest_route=\/wp\/v2\/posts"}],"about":[{"href":"https:\/\/haberbesiktas.tr\/index.php?rest_route=\/wp\/v2\/types\/post"}],"author":[{"embeddable":true,"href":"https:\/\/haberbesiktas.tr\/index.php?rest_route=\/wp\/v2\/users\/1"}],"replies":[{"embeddable":true,"href":"https:\/\/haberbesiktas.tr\/index.php?rest_route=%2Fwp%2Fv2%2Fcomments&post=57273"}],"version-history":[{"count":1,"href":"https:\/\/haberbesiktas.tr\/index.php?rest_route=\/wp\/v2\/posts\/57273\/revisions"}],"predecessor-version":[{"id":57275,"href":"https:\/\/haberbesiktas.tr\/index.php?rest_route=\/wp\/v2\/posts\/57273\/revisions\/57275"}],"wp:featuredmedia":[{"embeddable":true,"href":"https:\/\/haberbesiktas.tr\/index.php?rest_route=\/wp\/v2\/media\/57274"}],"wp:attachment":[{"href":"https:\/\/haberbesiktas.tr\/index.php?rest_route=%2Fwp%2Fv2%2Fmedia&parent=57273"}],"wp:term":[{"taxonomy":"category","embeddable":true,"href":"https:\/\/haberbesiktas.tr\/index.php?rest_route=%2Fwp%2Fv2%2Fcategories&post=57273"},{"taxonomy":"post_tag","embeddable":true,"href":"https:\/\/haberbesiktas.tr\/index.php?rest_route=%2Fwp%2Fv2%2Ftags&post=57273"}],"curies":[{"name":"wp","href":"https:\/\/api.w.org\/{rel}","templated":true}]}}