{"id":57288,"date":"2026-02-06T11:48:08","date_gmt":"2026-02-06T11:48:08","guid":{"rendered":"https:\/\/haberbesiktas.tr\/?p=57288"},"modified":"2026-02-06T11:48:08","modified_gmt":"2026-02-06T11:48:08","slug":"dortmunddan-salih-ozcan-icin-galatasaraya-ret","status":"publish","type":"post","link":"https:\/\/haberbesiktas.tr\/?p=57288","title":{"rendered":"Dortmund&#8217;dan Salih \u00d6zcan i\u00e7in Galatasaray&#8217;a ret!"},"content":{"rendered":"<div>Galatasaray; Noa Lang, Yaser Asprilla, Renato Nhaga ve Sacha Boey&#8217;un akabinde tak\u0131m\u0131na bir yerli deste\u011fi ger\u00e7ekle\u015ftirebilir.<\/p>\n<p><strong>SAL\u0130H \u00d6ZCAN G\u0130R\u0130\u015e\u0130M\u0130<\/strong><\/p>\n<p> HT Spor&#8217;da yer alan habere nazaran, Galatasaray, Borussia Dortmund&#8217;dan ulusal futbolcu Salih \u00d6zcan&#8217;\u0131n transferi i\u00e7in te\u015febb\u00fcslerde bulundu.<\/p>\n<p> Alman grubu, Avrupa&#8217;da transfer devri sona erdi\u011fi i\u00e7in 28 ya\u015f\u0131ndaki futbolcunun ayr\u0131l\u0131\u011f\u0131na s\u0131cak bakmad\u0131 ve transfer i\u00e7in kap\u0131lar\u0131 kapatt\u0131.<\/p>\n<p><strong>TRANSFER \u0130HT\u0130MAL\u0130 D\u00dc\u015e\u00dcK<\/strong><\/p>\n<p> Salih \u00d6zcan&#8217;\u0131n Galatasaray&#8217;a transferi \u015fu anda g\u00fc\u00e7 g\u00f6r\u00fcn\u00fcyor lakin ulusal futbolcu i\u00e7in k\u00fc\u00e7\u00fck de olsa bir transfer ihtimali bulunuyor.<\/p>\n<p><strong>SEZON PERFORMANSI<\/strong><\/p>\n<p> Borussia Dortmund ile kontrat\u0131 d\u00f6nem sonunda bitecek Salih \u00d6zcan, bu d\u00f6nem Alman tak\u0131m\u0131nda 7 ma\u00e7ta 30 dakika forma baht\u0131 buldu.<\/p>\n<\/div>\n","protected":false},"excerpt":{"rendered":"<p>Galatasaray, Salih \u00d6zcan i\u00e7in te\u015febb\u00fcste bulundu. Borussia Dortmund, Avrupa&#8217;da transfer devri bitti\u011fi i\u00e7in bu transferde kap\u0131lar\u0131 kapatt\u0131.<\/p>\n","protected":false},"author":1,"featured_media":57289,"comment_status":"open","ping_status":"open","sticky":false,"template":"","format":"standard","meta":{"footnotes":""},"categories":[25],"tags":[48],"class_list":["post-57288","post","type-post","status-publish","format-standard","has-post-thumbnail","hentry","category-futbol","tag-transfer"],"_links":{"self":[{"href":"https:\/\/haberbesiktas.tr\/index.php?rest_route=\/wp\/v2\/posts\/57288","targetHints":{"allow":["GET"]}}],"collection":[{"href":"https:\/\/haberbesiktas.tr\/index.php?rest_route=\/wp\/v2\/posts"}],"about":[{"href":"https:\/\/haberbesiktas.tr\/index.php?rest_route=\/wp\/v2\/types\/post"}],"author":[{"embeddable":true,"href":"https:\/\/haberbesiktas.tr\/index.php?rest_route=\/wp\/v2\/users\/1"}],"replies":[{"embeddable":true,"href":"https:\/\/haberbesiktas.tr\/index.php?rest_route=%2Fwp%2Fv2%2Fcomments&post=57288"}],"version-history":[{"count":1,"href":"https:\/\/haberbesiktas.tr\/index.php?rest_route=\/wp\/v2\/posts\/57288\/revisions"}],"predecessor-version":[{"id":57290,"href":"https:\/\/haberbesiktas.tr\/index.php?rest_route=\/wp\/v2\/posts\/57288\/revisions\/57290"}],"wp:featuredmedia":[{"embeddable":true,"href":"https:\/\/haberbesiktas.tr\/index.php?rest_route=\/wp\/v2\/media\/57289"}],"wp:attachment":[{"href":"https:\/\/haberbesiktas.tr\/index.php?rest_route=%2Fwp%2Fv2%2Fmedia&parent=57288"}],"wp:term":[{"taxonomy":"category","embeddable":true,"href":"https:\/\/haberbesiktas.tr\/index.php?rest_route=%2Fwp%2Fv2%2Fcategories&post=57288"},{"taxonomy":"post_tag","embeddable":true,"href":"https:\/\/haberbesiktas.tr\/index.php?rest_route=%2Fwp%2Fv2%2Ftags&post=57288"}],"curies":[{"name":"wp","href":"https:\/\/api.w.org\/{rel}","templated":true}]}}