{"id":57349,"date":"2026-02-06T15:48:07","date_gmt":"2026-02-06T15:48:07","guid":{"rendered":"https:\/\/haberbesiktas.tr\/?p=57349"},"modified":"2026-02-06T15:48:07","modified_gmt":"2026-02-06T15:48:07","slug":"amedspordan-orta-saha-transferi-cem-ustundag","status":"publish","type":"post","link":"https:\/\/haberbesiktas.tr\/?p=57349","title":{"rendered":"Amedspor&#8217;dan orta saha transferi: Cem \u00dcst\u00fcnda\u011f"},"content":{"rendered":"<div>\n<div>Trendyol 1. Lig gruplar\u0131ndan Amed Sportif Faaliyetler, orta saha oyuncusu Cem \u00dcst\u00fcnda\u011f&#8217;\u0131 renklerine ba\u011flad\u0131.<\/div>\n<div>\u00a0<\/div>\n<div>Merkez Kayap\u0131nar il\u00e7esindeki \u015eehmus \u00d6zer Tesisleri&#8217;nde d\u00fczenlenen imza merasiminde 25 ya\u015f\u0131ndaki \u00dcst\u00fcnda\u011f ile 2,5 y\u0131ll\u0131k mukavele imzaland\u0131.<\/div>\n<div>\u00a0<\/div>\n<div>Amed Sportif Faaliyetler Kul\u00fcb\u00fc Lideri Nahit Eren, imza merasiminde gazetecilere yapt\u0131\u011f\u0131 a\u00e7\u0131klamada, orta transfer devrinde eksik b\u00f6lgelere y\u00f6nelik transferler ger\u00e7ekle\u015ftirdiklerini belirterek, Cem \u00dcst\u00fcnda\u011f&#8217;\u0131 da bu do\u011frultuda tak\u0131ma dahil ettiklerini s\u00f6yledi.<\/div>\n<div>\u00a0<\/div>\n<div><strong>\u00dcst\u00fcnda\u011f&#8217;\u0131n Trendyol S\u00fcper Lig gruplar\u0131ndan Kas\u0131mpa\u015fa&#8217;da forma giydi\u011fini hat\u0131rlatan Eren, &#8220;Cem \u00dcst\u00fcnda\u011f ile bonservis bedelini de \u00f6deyerek 2,5 y\u0131ll\u0131k mukavele imzalad\u0131k. \u0130n\u015fallah bu y\u0131lki \u015fampiyonluk gayemize de\u011ferli katk\u0131lar sunar. Kendisi 6 ve 8 numara durumlar\u0131nda vazife yapabilen bir orta saha oyuncusu. Kendisine, ailesine ve kul\u00fcb\u00fcm\u00fcze g\u00fczel olsun.&#8221;<\/strong> diye konu\u015ftu.<\/div>\n<div>\u00a0<\/div>\n<div>Eren, Amed Sportif Faaliyetler&#8217;in Trendyol 1. Lig&#8217;e b\u00fcy\u00fck bir heyecan katt\u0131\u011f\u0131n\u0131 belirterek, \u015funlar\u0131 s\u00f6yledi:<\/div>\n<div>\u00a0<\/div>\n<div><strong>&#8220;Kul\u00fcb\u00fcm\u00fcz, seyir zevki y\u00fcksek bir futbol oynayan ve taraftar\u0131yla bu lige ba\u015fka bir mana katan bir kul\u00fcp. D\u00f6nem ba\u015f\u0131ndaki tak\u0131m yap\u0131lanmam\u0131z ve orta transfer devrinde ger\u00e7ekle\u015ftirdi\u011fimiz desteklerle Muhte\u015fem Lig&#8217;e y\u00fckselme gayesi do\u011frultusunda \u00e7al\u0131\u015fmalar\u0131m\u0131z\u0131 s\u00fcrd\u00fcr\u00fcyoruz.&#8221;<\/strong><\/div>\n<div>\u00a0<\/div>\n<div>&#8211; &#8220;Andre Biyogo Poko ile yollar\u0131 ay\u0131rma karar\u0131 ald\u0131k&#8221;<\/div>\n<div>\u00a0<\/div>\n<div>Yabanc\u0131 futbolcu kontenjan\u0131nda ya\u015fad\u0131klar\u0131 kasvete da de\u011finen Eren, \u015funlar\u0131 kaydetti:<\/div>\n<div>\u00a0<\/div>\n<div><strong>&#8220;Normal kaidelerde 7 yabanc\u0131 futbolcu oynatma hakk\u0131m\u0131z var. Lakin 23 ya\u015f alt\u0131 oyuncu oynat\u0131lmas\u0131 durumunda bu say\u0131 8&#8217;e \u00e7\u0131k\u0131yor. Kamuoyunda \u00e7ok bilinmeyen bir kural daha bulunuyor. Bu kurala nazaran, 8 yabanc\u0131 kontenjan\u0131na sahip olsan\u0131z dahi birebir anda alanda en fazla 6 yabanc\u0131 oyuncu oynatabiliyorsunuz. Bizim sadece iki stoperimiz vard\u0131 ve bu b\u00f6lgeye \u00f6nemli destek yapmam\u0131z gerekiyordu. Hakikaten bu b\u00f6lgelere iki transfer ger\u00e7ekle\u015ftirdik. Bu durum, bir futbolcumuzla yollar\u0131m\u0131z\u0131 ay\u0131rmam\u0131z\u0131 zarur\u00ee k\u0131ld\u0131. \u0130dare olarak yapt\u0131\u011f\u0131m\u0131z k\u0131ymetlendirme sonucunda orta saha oyuncumuz Andre Biyogo Poko ile yollar\u0131 ay\u0131rma karar\u0131 ald\u0131k. Bu durumu kendisine \u00fcz\u00fclerek bildirdik. Kendisi kul\u00fcpte kalmak istiyordu fakat kar\u015f\u0131l\u0131kl\u0131 anla\u015farak mukavelenin feshi konusunda g\u00f6r\u00fc\u015fmelerimiz s\u00fcr\u00fcyor.&#8221;<\/strong><\/div>\n<div>\u00a0<\/div>\n<div>&#8211; &#8220;Bir amac\u0131m\u0131z var, o da \u015fampiyonluk&#8221;<\/div>\n<div>\u00a0<\/div>\n<div>Cem \u00dcst\u00fcnda\u011f da, Amed Sportif Faaliyetler formas\u0131 giyecek olmaktan memnunluk ve gurur duydu\u011funu s\u00f6yledi.<\/div>\n<div>\u00a0<\/div>\n<div>\u00dcst\u00fcnda\u011f, <strong>&#8220;Amedspor&#8217;a maksatlarla geldim. Bir gayemiz var, o da \u015fampiyonluk. Bunu bir aile ortam\u0131 i\u00e7inde ba\u015farmaya \u00e7al\u0131\u015faca\u011f\u0131z. Gruba, liderimize, teknik gruba ve futbolcu arkada\u015flar\u0131ma g\u00fcveniyorum. Amedspor&#8217;u gelecek sezon S\u00fcper Lig&#8217;de g\u00f6rmeyi umut ediyorum.&#8221;<\/strong> s\u00f6zlerini kulland\u0131.<\/div>\n<\/p><\/div>\n","protected":false},"excerpt":{"rendered":"<p>Trendyol 1. Lig gruplar\u0131ndan Amed Sportif Faaliyetler, orta saha oyuncusu Cem \u00dcst\u00fcnda\u011f ile 2,5 y\u0131ll\u0131k kontrat imzalad\u0131.<\/p>\n","protected":false},"author":1,"featured_media":57350,"comment_status":"open","ping_status":"open","sticky":false,"template":"","format":"standard","meta":{"footnotes":""},"categories":[25],"tags":[1856,172,51,49,4092],"class_list":["post-57349","post","type-post","status-publish","format-standard","has-post-thumbnail","hentry","category-futbol","tag-amed","tag-futbol","tag-lig","tag-oyuncu","tag-ustundag"],"_links":{"self":[{"href":"https:\/\/haberbesiktas.tr\/index.php?rest_route=\/wp\/v2\/posts\/57349","targetHints":{"allow":["GET"]}}],"collection":[{"href":"https:\/\/haberbesiktas.tr\/index.php?rest_route=\/wp\/v2\/posts"}],"about":[{"href":"https:\/\/haberbesiktas.tr\/index.php?rest_route=\/wp\/v2\/types\/post"}],"author":[{"embeddable":true,"href":"https:\/\/haberbesiktas.tr\/index.php?rest_route=\/wp\/v2\/users\/1"}],"replies":[{"embeddable":true,"href":"https:\/\/haberbesiktas.tr\/index.php?rest_route=%2Fwp%2Fv2%2Fcomments&post=57349"}],"version-history":[{"count":1,"href":"https:\/\/haberbesiktas.tr\/index.php?rest_route=\/wp\/v2\/posts\/57349\/revisions"}],"predecessor-version":[{"id":57351,"href":"https:\/\/haberbesiktas.tr\/index.php?rest_route=\/wp\/v2\/posts\/57349\/revisions\/57351"}],"wp:featuredmedia":[{"embeddable":true,"href":"https:\/\/haberbesiktas.tr\/index.php?rest_route=\/wp\/v2\/media\/57350"}],"wp:attachment":[{"href":"https:\/\/haberbesiktas.tr\/index.php?rest_route=%2Fwp%2Fv2%2Fmedia&parent=57349"}],"wp:term":[{"taxonomy":"category","embeddable":true,"href":"https:\/\/haberbesiktas.tr\/index.php?rest_route=%2Fwp%2Fv2%2Fcategories&post=57349"},{"taxonomy":"post_tag","embeddable":true,"href":"https:\/\/haberbesiktas.tr\/index.php?rest_route=%2Fwp%2Fv2%2Ftags&post=57349"}],"curies":[{"name":"wp","href":"https:\/\/api.w.org\/{rel}","templated":true}]}}