{"id":57352,"date":"2026-02-06T16:00:06","date_gmt":"2026-02-06T16:00:06","guid":{"rendered":"https:\/\/haberbesiktas.tr\/?p=57352"},"modified":"2026-02-06T16:00:06","modified_gmt":"2026-02-06T16:00:06","slug":"recep-ucardan-galatasaray-ve-transfer-aciklamasi","status":"publish","type":"post","link":"https:\/\/haberbesiktas.tr\/?p=57352","title":{"rendered":"Recep U\u00e7ar&#8217;dan Galatasaray ve transfer a\u00e7\u0131klamas\u0131"},"content":{"rendered":"<div>\n<div>Trendyol Harika Lig&#8217;in 21. haftas\u0131nda 8 \u015eubat Pazar g\u00fcn\u00fc alan\u0131nda Galatasaray ile kar\u015f\u0131la\u015facak \u00c7aykur Rizespor&#8217;un teknik y\u00f6neticisi Recep U\u00e7ar, <strong>&#8220;Evimizde rakip kim olursa olsun kazanmak istiyoruz, buras\u0131 net. Konutumuzda g\u00fc\u00e7l\u00fc oyunlar oynad\u0131\u011f\u0131m\u0131z\u0131 d\u00fc\u015f\u00fcn\u00fcyorum.&#8221;<\/strong> dedi.<\/div>\n<div>\u00a0<\/div>\n<div>U\u00e7ar, Mehmet Cengiz Tesisleri&#8217;ndeki idman \u00f6ncesinde bas\u0131n mensuplar\u0131na yapt\u0131\u011f\u0131 a\u00e7\u0131klamada, Ziraat T\u00fcrkiye Kupas\u0131&#8217;nda da maksatlar\u0131n\u0131n oldu\u011funu vurgulad\u0131.<\/div>\n<div>\u00a0<\/div>\n<div>TFF 2. Lig tak\u0131m\u0131 Beyo\u011flu Yeni \u00c7ar\u015f\u0131 ile 1-1 berabere kald\u0131klar\u0131n\u0131 an\u0131msatan U\u00e7ar, <strong>&#8220;Evimizdeki mutlak kazanmak istedi\u011fimiz bir ma\u00e7t\u0131 ve kazanmak i\u00e7in her \u015feyi yapt\u0131k asl\u0131nda. \u00dcretebilece\u011fimiz maksimal say\u0131da durum \u00fcretti\u011fimiz, oyun manas\u0131nda yaln\u0131zca yapt\u0131\u011f\u0131m\u0131z bir kusur, bir defa kalecimize topun geldi\u011fi bir ma\u00e7 ancak futbol bu t\u00fcrl\u00fc bir oyun. Tahminen 10&#8217;a yak\u0131n gol konumuna girip, hepsini harcad\u0131\u011f\u0131m\u0131z ve sonu\u00e7takazanamad\u0131\u011f\u0131m\u0131z bir ma\u00e7.&#8221;<\/strong> de\u011ferlendirmesinde bulundu.<\/div>\n<div>\u00a0<\/div>\n<div>U\u00e7ar, kupada talihleri varsa sonuna kadar gitmek istediklerinin alt\u0131n\u0131 \u00e7izerek, <strong>&#8220;Bug\u00fcnk\u00fc ma\u00e7lar\u0131n sonucuna nazaran bu a\u015fik\u00e2r olur. G\u00f6nl\u00fcm\u00fcz al\u0131\u015f\u0131lm\u0131\u015f bir \u00e7eyrek final, bir yar\u0131 final oynamak istiyor. Bakal\u0131m bug\u00fcnk\u00fc sonu\u00e7lara nazaran tekrar de\u011ferlendirece\u011fiz.&#8221;<\/strong> diye konu\u015ftu.<\/div>\n<div>\u00a0<\/div>\n<div>Ligde \u015fu ana kadar oynad\u0131klar\u0131 6 ma\u00e7\u0131n hepsini kazanabilecekleri bir performans sergilediklerini vurgulayan U\u00e7ar, \u015funlar\u0131 kaydetti:<\/div>\n<div>\u00a0<\/div>\n<div><strong>&#8220;Son oynad\u0131\u011f\u0131m\u0131z Ba\u015fak\u015fehir ma\u00e7\u0131nda ikinci yar\u0131 girdi\u011fimiz durumlar\u0131 de\u011ferlendiremedik. Hepsinde konum \u00fcretti\u011fimiz fakat maalesef sonland\u0131rma noktas\u0131nda \u00e7ok ba\u015far\u0131l\u0131 de\u011filiz. Bunu kabul etmek laz\u0131m. Bunun i\u00e7in yeteri kadar \u00e7al\u0131\u015f\u0131yor muyuz? Evet, tak\u0131mla birlikte, oyuncular\u0131m\u0131zla sonuna kadar \u00e7al\u0131\u015f\u0131yoruz. Biz bunu k\u0131raca\u011f\u0131z. \u0130n\u015fallah da bunun k\u0131r\u0131laca\u011f\u0131 ma\u00e7 bu hafta sonu oynayaca\u011f\u0131m\u0131z Galatasaray ma\u00e7\u0131 olur.&#8221;<\/strong><\/div>\n<div>\u00a0<\/div>\n<div>U\u00e7ar, kendisinin kadronun ba\u015f\u0131nda oldu\u011fu devirdeki 6 ma\u00e7\u0131n 4&#8217;\u00fcn\u00fc deplasmanda oynad\u0131klar\u0131na i\u015faret ederek, <strong>&#8220;Zorlu deplasmanlar. Hi\u00e7biri kolay de\u011fil fakat hepside nitekim 1 puana, 3 puana yak\u0131n oldu\u011fumuz ma\u00e7lard\u0131. Konutumuzda rakip kim olursa olsun kazanmak istiyoruz buras\u0131 net. Konutumuzda g\u00fc\u00e7l\u00fc oyunlar oynad\u0131\u011f\u0131m\u0131z\u0131 d\u00fc\u015f\u00fcn\u00fcyorum.&#8221;<\/strong> s\u00f6zlerini kulland\u0131.<\/div>\n<div>\u00a0<\/div>\n<div>Galatasaray ma\u00e7\u0131 hakk\u0131nda niyetlerini aktaran U\u00e7ar, \u015f\u00f6yle devam etti:<\/div>\n<div>\u00a0<\/div>\n<div><strong>&#8220;Rakip Galatasaray, evet son 3 y\u0131l\u0131n \u015fampiyonu. Ligimizin tak\u0131m k\u0131ymeti en y\u00fcksek kadrolar\u0131ndan biri. Okan hocayla m\u00fckemmel i\u015fler yap\u0131yorlar. Dedi\u011fim \u00fczere rakipten ba\u011f\u0131ms\u0131z bizim tek maksad\u0131m\u0131z var. Kendi saha ve seyircimiz \u00f6n\u00fcnde d\u00fczg\u00fcn bir futbolla son vakitlerde taraftar\u0131m\u0131z\u0131n y\u00fcz\u00fcn\u00fc g\u00fcld\u00fcremedik, fark\u0131nday\u0131z. Onlardan iste\u011fim, ricam stad\u0131 o g\u00fcn son b\u00fcsb\u00fct\u00fcn doldurmalar\u0131, son dakikaya kadar oyuncular\u0131m\u0131za takviye vermeleri. \u0130n\u015fallah biz de onlar\u0131 meskenlerine memnun g\u00f6ndermek istiyoruz.&#8221;<\/strong><\/div>\n<div>\u00a0<\/div>\n<div><strong>&#8220;G\u00d6R\u00dc\u015eMEKTE OLDU\u011eUMUZ B\u0130R, \u0130K\u0130 OYUNCU VAR&#8221;<\/strong><\/div>\n<div>\u00a0<\/div>\n<div>Transferle ilgili de\u011ferlendirmede bulunan U\u00e7ar, \u015funlar\u0131 kaydetti:<\/div>\n<div>\u00a0<\/div>\n<div><strong>&#8220;Hi\u00e7bir vakit &#8216;Transfer istemiyorum.&#8217; demedim. Transfer istiyoruz ve uzun m\u00fcddettir de sahiden idare \u015furam\u0131z u\u011fra\u015f g\u00f6steriyor. Kimi oyuncular\u0131 son ana getirdik. Bir t\u00fcrl\u00fc talihsizlik sonland\u0131ramad\u0131k lakin \u015fu an itibariyle de g\u00f6r\u00fc\u015fmekte oldu\u011fumuz bir, iki oyuncu var. Ben de idare heyetimizden bu bahiste olumlu haberler bekliyorum. \u0130n\u015fallah taraftar\u0131m\u0131z\u0131 memnun edece\u011fiz bu noktada. O denli olaca\u011f\u0131n\u0131 d\u00fc\u015f\u00fcn\u00fcyorum. Yar\u0131n ak\u015fam bitiyor, yar\u0131na kadar in\u015fallah olumlu haberler verece\u011fiz. Olursa ofansif orta saha ve santrafor noktas\u0131nda \u00e7al\u0131\u015fmalar devam ediyor. Fakat en az\u0131ndan bir noktaya dokunmak istiyoruz.&#8221;<\/strong><\/div>\n<div>\u00a0<\/div>\n<div>Transfer konusunda ya\u015fanan s\u0131k\u0131nt\u0131larla ilgili bilgi veren U\u00e7ar, <strong>&#8220;Hepsinin farkl\u0131 farkl\u0131 k\u0131ssas\u0131 var ancak bazen kul\u00fcp kaynakl\u0131, bazen oyuncu kaynakl\u0131, bazen \u00fclke kaynakl\u0131 olmuyor. \u0130n\u015fallah keyifli sonuna ula\u015faca\u011f\u0131z.&#8221;<\/strong> tabirlerini kulland\u0131.<\/div>\n<div>\u00a0<\/div>\n<div><strong>LA\u00c7\u0130&#8217;DEN KUPA DE\u011eERLEND\u0130RMES\u0130<\/strong><\/div>\n<div>\u00a0<\/div>\n<div>Ye\u015fil-mavili tak\u0131m\u0131n orta saha oyuncusu La\u00e7i ise Ziraat T\u00fcrkiye Kupa&#8217;s\u0131nda ald\u0131klar\u0131 sonu\u00e7tan \u015fad olmad\u0131klar\u0131n\u0131 anlatt\u0131.<\/div>\n<div>\u00a0<\/div>\n<div>Hen\u00fcz her \u015feyin bitmedi\u011fini vurglayan La\u00e7i, <strong>&#8220;Di\u011fer ekiplerin ortalar\u0131nda oynayacaklar\u0131 ma\u00e7lar var. O ma\u00e7lar\u0131 da takip edece\u011fiz. Bizim de son bir Be\u015fikta\u015f ile ma\u00e7\u0131m\u0131z olacak. O ma\u00e7ta elimizden gelenin en d\u00fczg\u00fcn\u00fcn\u00fc yapmaya \u00e7al\u0131\u015faca\u011f\u0131z.&#8221;<\/strong> diye konu\u015ftu.<\/div>\n<div>\u00a0<\/div>\n<div>La\u00e7i, ligde ba\u015fkan Galatasaray ile \u015fiddetli bir ma\u00e7 oynayacaklar\u0131n\u0131 belirterek, <strong>&#8220;Bu ma\u00e7\u0131n zorlu\u011funun fark\u0131nday\u0131z. Lakin burada kendi konutumuzda oynayaca\u011f\u0131z. Bizim i\u00e7in \u00f6ncelikle skoru kendi ismimize s\u0131f\u0131rda, gol yemeden tutabilirsek, gol bulma \u015fanslar\u0131m\u0131z olaca\u011f\u0131n\u0131 d\u00fc\u015f\u00fcn\u00fcyorum. Bu manada haz\u0131rl\u0131klar\u0131m\u0131z\u0131 yapaca\u011f\u0131z.&#8221;<\/strong> de\u011ferlendirmesinde bulundu.<\/div>\n<\/p><\/div>\n","protected":false},"excerpt":{"rendered":"<p>Trendyol Harika Lig&#8217;in 21. haftas\u0131nda Galatasaray&#8217;\u0131 konuk edecek \u00c7aykur Rizespor&#8217;da Teknik Y\u00f6netici Recep U\u00e7ar, i\u00e7 alanda kazanma ama\u00e7lar\u0131n\u0131n net oldu\u011funu vurgulad\u0131.<\/p>\n","protected":false},"author":1,"featured_media":57353,"comment_status":"open","ping_status":"open","sticky":false,"template":"","format":"standard","meta":{"footnotes":""},"categories":[25],"tags":[827,50,43,2431,1574],"class_list":["post-57352","post","type-post","status-publish","format-standard","has-post-thumbnail","hentry","category-futbol","tag-insallah","tag-mac","tag-oyun","tag-sonu","tag-ucar"],"_links":{"self":[{"href":"https:\/\/haberbesiktas.tr\/index.php?rest_route=\/wp\/v2\/posts\/57352","targetHints":{"allow":["GET"]}}],"collection":[{"href":"https:\/\/haberbesiktas.tr\/index.php?rest_route=\/wp\/v2\/posts"}],"about":[{"href":"https:\/\/haberbesiktas.tr\/index.php?rest_route=\/wp\/v2\/types\/post"}],"author":[{"embeddable":true,"href":"https:\/\/haberbesiktas.tr\/index.php?rest_route=\/wp\/v2\/users\/1"}],"replies":[{"embeddable":true,"href":"https:\/\/haberbesiktas.tr\/index.php?rest_route=%2Fwp%2Fv2%2Fcomments&post=57352"}],"version-history":[{"count":1,"href":"https:\/\/haberbesiktas.tr\/index.php?rest_route=\/wp\/v2\/posts\/57352\/revisions"}],"predecessor-version":[{"id":57354,"href":"https:\/\/haberbesiktas.tr\/index.php?rest_route=\/wp\/v2\/posts\/57352\/revisions\/57354"}],"wp:featuredmedia":[{"embeddable":true,"href":"https:\/\/haberbesiktas.tr\/index.php?rest_route=\/wp\/v2\/media\/57353"}],"wp:attachment":[{"href":"https:\/\/haberbesiktas.tr\/index.php?rest_route=%2Fwp%2Fv2%2Fmedia&parent=57352"}],"wp:term":[{"taxonomy":"category","embeddable":true,"href":"https:\/\/haberbesiktas.tr\/index.php?rest_route=%2Fwp%2Fv2%2Fcategories&post=57352"},{"taxonomy":"post_tag","embeddable":true,"href":"https:\/\/haberbesiktas.tr\/index.php?rest_route=%2Fwp%2Fv2%2Ftags&post=57352"}],"curies":[{"name":"wp","href":"https:\/\/api.w.org\/{rel}","templated":true}]}}