{"id":57355,"date":"2026-02-06T16:12:05","date_gmt":"2026-02-06T16:12:05","guid":{"rendered":"https:\/\/haberbesiktas.tr\/?p=57355"},"modified":"2026-02-06T16:12:05","modified_gmt":"2026-02-06T16:12:05","slug":"besiktastan-aciklama-taraftarlar-serbest-kalacak","status":"publish","type":"post","link":"https:\/\/haberbesiktas.tr\/?p=57355","title":{"rendered":"Be\u015fikta\u015f&#8217;tan a\u00e7\u0131klama: &#8220;Taraftarlar serbest kalacak&#8221;"},"content":{"rendered":"<div>Be\u015fikta\u015f, Ziraat T\u00fcrkiye Kupas\u0131&#8217;nda deplasmanda Kocaelispor ile oynanan ve 1-1 biten m\u00fcsabakada trib\u00fcnlerde ya\u015fanan olaylarla ilgili resmi bir a\u00e7\u0131klama yay\u0131mlad\u0131.<\/p>\n<p> Siyah-beyazl\u0131 kul\u00fcp, ya\u015fanan \u00fcz\u00fcc\u00fc hadiselerin yak\u0131ndan takip edildi\u011fini belirtirken, olaylar\u0131n hi\u00e7bir halde tasvip edilmedi\u011finin alt\u0131n\u0131 \u00e7izdi. A\u00e7\u0131klamada, Lider Serdal Adal\u0131 ile y\u00f6netim kurulu \u00fcyelerinin ilgili makamlarla temas kurdu\u011fu ve bu te\u015febb\u00fcsler sonucunda g\u00f6zalt\u0131na al\u0131nan taraftarlar\u0131n \u00f6zg\u00fcr b\u0131rak\u0131laca\u011f\u0131 tabir edildi.<\/p>\n<p> <strong>\u0130\u015fte Be\u015fikta\u015f&#8217;tan yap\u0131lan a\u00e7\u0131klama:<\/strong><\/p>\n<p> &#8220;Ziraat T\u00fcrkiye Kupas\u0131&#8217;nda deplasmanda Kocaelispor&#8217;la oynad\u0131\u011f\u0131m\u0131z ma\u00e7ta trib\u00fcnlerde meydana gelen \u00fcz\u00fcc\u00fc hadiseler, taraf\u0131m\u0131zca dikkatle takip edilmektedir.<\/p>\n<p> Hi\u00e7bir bi\u00e7imde tasvip etmedi\u011fimiz olaylar\u0131n ba\u015flang\u0131c\u0131ndan itibaren Liderimiz Serdal Adal\u0131 ile Y\u00f6netim Kurulu \u00dcyelerimizin ilgili makamlarla kurdu\u011fu temaslar sonucunda taraftarlar\u0131m\u0131z birazdan \u00f6zg\u00fcr b\u0131rak\u0131lacakt\u0131r.<\/p>\n<p> En b\u00fcy\u00fck \u00f6nceli\u011fimiz, her vakit her yerde taraftarlar\u0131m\u0131z\u0131n g\u00fcvenli\u011fi ve iyili\u011fidir.<\/p>\n<p> Meskenlerine d\u00f6nmekte olan taraftarlar\u0131m\u0131za ge\u00e7mi\u015f olsun dileklerimizi iletiyoruz.<\/p>\n<p> Her bir taraftar\u0131m\u0131z meskenine sa\u011f salim ula\u015fana dek s\u00fcre\u00e7 taraf\u0131m\u0131zca yak\u0131ndan takip edilecektir.<\/p>\n<p> &#8220;Amirim, biz buraya 80 ki\u015fi geldik. 79 ki\u015fi d\u00f6nmeyiz. Biz bunu yapamay\u0131z!&#8221; Optik Ba\u015fkan<\/p>\n<p> Kamuoyunun bilgisine h\u00fcrmetlerimizle sunar\u0131z.&#8221;<\/p>\n<\/div>\n","protected":false},"excerpt":{"rendered":"<p>Be\u015fikta\u015f Kul\u00fcb\u00fc, Kocaelispor ile oynanan m\u00fcsabakada trib\u00fcnlerde ya\u015fanan olaylarla ilgili resmi bir a\u00e7\u0131klama yay\u0131mlad\u0131.<\/p>\n","protected":false},"author":1,"featured_media":57356,"comment_status":"open","ping_status":"open","sticky":false,"template":"","format":"standard","meta":{"footnotes":""},"categories":[25],"tags":[],"class_list":["post-57355","post","type-post","status-publish","format-standard","has-post-thumbnail","hentry","category-futbol"],"_links":{"self":[{"href":"https:\/\/haberbesiktas.tr\/index.php?rest_route=\/wp\/v2\/posts\/57355","targetHints":{"allow":["GET"]}}],"collection":[{"href":"https:\/\/haberbesiktas.tr\/index.php?rest_route=\/wp\/v2\/posts"}],"about":[{"href":"https:\/\/haberbesiktas.tr\/index.php?rest_route=\/wp\/v2\/types\/post"}],"author":[{"embeddable":true,"href":"https:\/\/haberbesiktas.tr\/index.php?rest_route=\/wp\/v2\/users\/1"}],"replies":[{"embeddable":true,"href":"https:\/\/haberbesiktas.tr\/index.php?rest_route=%2Fwp%2Fv2%2Fcomments&post=57355"}],"version-history":[{"count":1,"href":"https:\/\/haberbesiktas.tr\/index.php?rest_route=\/wp\/v2\/posts\/57355\/revisions"}],"predecessor-version":[{"id":57357,"href":"https:\/\/haberbesiktas.tr\/index.php?rest_route=\/wp\/v2\/posts\/57355\/revisions\/57357"}],"wp:featuredmedia":[{"embeddable":true,"href":"https:\/\/haberbesiktas.tr\/index.php?rest_route=\/wp\/v2\/media\/57356"}],"wp:attachment":[{"href":"https:\/\/haberbesiktas.tr\/index.php?rest_route=%2Fwp%2Fv2%2Fmedia&parent=57355"}],"wp:term":[{"taxonomy":"category","embeddable":true,"href":"https:\/\/haberbesiktas.tr\/index.php?rest_route=%2Fwp%2Fv2%2Fcategories&post=57355"},{"taxonomy":"post_tag","embeddable":true,"href":"https:\/\/haberbesiktas.tr\/index.php?rest_route=%2Fwp%2Fv2%2Ftags&post=57355"}],"curies":[{"name":"wp","href":"https:\/\/api.w.org\/{rel}","templated":true}]}}