{"id":57361,"date":"2026-02-06T16:36:07","date_gmt":"2026-02-06T16:36:07","guid":{"rendered":"https:\/\/haberbesiktas.tr\/?p=57361"},"modified":"2026-02-06T16:36:07","modified_gmt":"2026-02-06T16:36:07","slug":"benzema-ronaldoya-gozdagi-verdi","status":"publish","type":"post","link":"https:\/\/haberbesiktas.tr\/?p=57361","title":{"rendered":"Benzema, Ronaldo&#8217;ya g\u00f6zda\u011f\u0131 verdi!"},"content":{"rendered":"<div>\n<div>Cristiano Ronaldo&#8217;nun Al Hilal&#8217;e gitti\u011fi i\u00e7in reaksiyon g\u00f6sterdi\u011fi Karim Benzema, yeni grubuyla ola\u011fan\u00fcst\u00fc bir ba\u015flang\u0131ca imza att\u0131.<\/div>\n<div>\u00a0<\/div>\n<div>Frans\u0131z y\u0131ld\u0131z, Al Hilal&#8217;in deplasmanda Al Okhdood&#8217;u 6-0 ma\u011flup etti\u011fi ma\u00e7ta \u00fc\u00e7 gol\u00fcn alt\u0131na ismini yazd\u0131rd\u0131.<\/p>\n<p>Bu galibiyetin akabinde \u00f6nder Al Hilal puan\u0131n\u0131 50&#8217;ye y\u00fckseltti. Bir ma\u00e7\u0131 eksik olan 46 puandaki Ronaldo&#8217;nun ekibi Al-Nassr, cuma g\u00fcn\u00fc TS\u0130 20:30&#8217;da Youssef En-Nesyri&#8217;li Al Ittihad&#8217;\u0131 a\u011f\u0131rlayacak.\u00a0<\/p>\n<blockquote class=\"twitter-tweet\" data-width=\"500\" data-dnt=\"true\">\n<p lang=\"tr\" dir=\"ltr\">Cristiano \u00e7ok k\u0131zacak \ud83e\udd2b<\/p>\n<p>Benzema\u2019dan yeni tak\u0131m\u0131yla ilk ma\u00e7\u0131nda HAT-TRICK yapt\u0131.<a href=\"https:\/\/t.co\/QHOS4jcqR8\" rel=\"nofollow\">pic.twitter.com\/QHOS4jcqR8<\/a><\/p>\n<p>&mdash; Sporxtv (@sporxtv) <a href=\"https:\/\/twitter.com\/sporxtv\/status\/2019485929602166894?ref_src=twsrc%5Etfw\" rel=\"nofollow noopener\" target=\"_blank\">February 5, 2026<\/a><\/p><\/blockquote>\n<p><script async src=\"https:\/\/platform.twitter.com\/widgets.js\" charset=\"utf-8\"><\/script><\/p>\n<blockquote class=\"twitter-tweet\" data-width=\"500\" data-dnt=\"true\">\n<p lang=\"tr\" dir=\"ltr\">Karim Benzema&#39;n\u0131n ikinci gol\u00fc \ud83d\udc40<a href=\"https:\/\/t.co\/TFjs594whi\" rel=\"nofollow\">pic.twitter.com\/TFjs594whi<\/a><\/p>\n<p>&mdash; Sporxtv (@sporxtv) <a href=\"https:\/\/twitter.com\/sporxtv\/status\/2019493560479801757?ref_src=twsrc%5Etfw\" rel=\"nofollow noopener\" target=\"_blank\">February 5, 2026<\/a><\/p><\/blockquote>\n<p><script async src=\"https:\/\/platform.twitter.com\/widgets.js\" charset=\"utf-8\"><\/script><\/p>\n<blockquote class=\"twitter-tweet\" data-width=\"500\" data-dnt=\"true\">\n<p lang=\"tr\" dir=\"ltr\">\u26bd Karim Benzema, Al Hilal formas\u0131yla ilk ma\u00e7\u0131nda gol\u00fcn\u00fc att\u0131.<a href=\"https:\/\/t.co\/OZQXEalz4D\" rel=\"nofollow\">pic.twitter.com\/OZQXEalz4D<\/a><\/p>\n<p>&mdash; Sporxtv (@sporxtv) <a href=\"https:\/\/twitter.com\/sporxtv\/status\/2019472142492946828?ref_src=twsrc%5Etfw\" rel=\"nofollow noopener\" target=\"_blank\">February 5, 2026<\/a><\/p><\/blockquote>\n<p><script async src=\"https:\/\/platform.twitter.com\/widgets.js\" charset=\"utf-8\"><\/script><\/p>\n<\/p><\/div>\n<\/div>\n","protected":false},"excerpt":{"rendered":"<p>Cristiano Ronaldo&#8217;nun Al Hilal tercihi nedeniyle reaksiyon g\u00f6sterdi\u011fi Karim Benzema, yeni ekibindeki birinci ma\u00e7\u0131nda adeta g\u00f6steri yapt\u0131.<\/p>\n","protected":false},"author":1,"featured_media":57365,"comment_status":"open","ping_status":"open","sticky":false,"template":"","format":"standard","meta":{"footnotes":""},"categories":[25],"tags":[],"class_list":["post-57361","post","type-post","status-publish","format-standard","has-post-thumbnail","hentry","category-futbol"],"_links":{"self":[{"href":"https:\/\/haberbesiktas.tr\/index.php?rest_route=\/wp\/v2\/posts\/57361","targetHints":{"allow":["GET"]}}],"collection":[{"href":"https:\/\/haberbesiktas.tr\/index.php?rest_route=\/wp\/v2\/posts"}],"about":[{"href":"https:\/\/haberbesiktas.tr\/index.php?rest_route=\/wp\/v2\/types\/post"}],"author":[{"embeddable":true,"href":"https:\/\/haberbesiktas.tr\/index.php?rest_route=\/wp\/v2\/users\/1"}],"replies":[{"embeddable":true,"href":"https:\/\/haberbesiktas.tr\/index.php?rest_route=%2Fwp%2Fv2%2Fcomments&post=57361"}],"version-history":[{"count":1,"href":"https:\/\/haberbesiktas.tr\/index.php?rest_route=\/wp\/v2\/posts\/57361\/revisions"}],"predecessor-version":[{"id":57366,"href":"https:\/\/haberbesiktas.tr\/index.php?rest_route=\/wp\/v2\/posts\/57361\/revisions\/57366"}],"wp:featuredmedia":[{"embeddable":true,"href":"https:\/\/haberbesiktas.tr\/index.php?rest_route=\/wp\/v2\/media\/57365"}],"wp:attachment":[{"href":"https:\/\/haberbesiktas.tr\/index.php?rest_route=%2Fwp%2Fv2%2Fmedia&parent=57361"}],"wp:term":[{"taxonomy":"category","embeddable":true,"href":"https:\/\/haberbesiktas.tr\/index.php?rest_route=%2Fwp%2Fv2%2Fcategories&post=57361"},{"taxonomy":"post_tag","embeddable":true,"href":"https:\/\/haberbesiktas.tr\/index.php?rest_route=%2Fwp%2Fv2%2Ftags&post=57361"}],"curies":[{"name":"wp","href":"https:\/\/api.w.org\/{rel}","templated":true}]}}