{"id":57371,"date":"2026-02-06T17:00:06","date_gmt":"2026-02-06T17:00:06","guid":{"rendered":"https:\/\/haberbesiktas.tr\/?p=57371"},"modified":"2026-02-06T17:00:06","modified_gmt":"2026-02-06T17:00:06","slug":"caglar-soyuncu-onemli-olan-finali-iyi-yapmakti","status":"publish","type":"post","link":"https:\/\/haberbesiktas.tr\/?p=57371","title":{"rendered":"\u00c7a\u011flar S\u00f6y\u00fcnc\u00fc: &#8220;\u00d6nemli olan finali iyi yapmakt\u0131&#8221;"},"content":{"rendered":"<div>\n<div>Fenerbah\u00e7e, Ziraat T\u00fcrkiye Kupas\u0131 C K\u00fcmesi 3. ma\u00e7\u0131nda Erzurumspor&#8217;u 3-1 ma\u011flup etti.<\/div>\n<div>\u00a0<\/div>\n<div>Ma\u00e7\u0131n akabinde sar\u0131-lacivertlilerin savunmac\u0131s\u0131 ve kaptan\u0131 \u00c7a\u011flar S\u00f6y\u00fcnc\u00fc a\u00e7\u0131klamalarda bulundu.<\/div>\n<div>\u00a0<\/div>\n<div>Tecr\u00fcbeli stoper Erzurumspor&#8217;un oyunundan \u00f6vg\u00fcyle bahsederken,<strong> &#8220;Erzurumspor birinci 45 dakika \u00e7ok g\u00fczel oynad\u0131, buna biz m\u00fcsaade verdik fakat tebrik etmek laz\u0131m. De\u011ferli olan finali yeterli yapmakt\u0131, memnunuz. Ekip arkada\u015flar\u0131m\u0131 tebrik ederim.&#8221;<\/strong> tabirlerini kulland\u0131.<\/div>\n<div>\u00a0<\/div>\n<div>Fenerbah\u00e7e&#8217;nin gen\u00e7 isimleri i\u00e7in konu\u015fan S\u00f6y\u00fcnc\u00fc, <strong>&#8220;Gen\u00e7 iki karde\u015fim Yi\u011fit Efe Demir ve Kamil Efe ile oynad\u0131k, in\u015fallah Fenerbah\u00e7e&#8217;nin gelece\u011fi olurlar ve \u00fclkemizi, Avrupa&#8217;da temsil ederler.&#8221;<\/strong> dedi.<\/div>\n<\/p><\/div>\n","protected":false},"excerpt":{"rendered":"<p>Ziraat T\u00fcrkiye Kupas\u0131 C K\u00fcmesi&#8217;nde Erzurumspor&#8217;u 3-1 ma\u011flup eden Fenerbah\u00e7e&#8217;de kaptan \u00c7a\u011flar S\u00f6y\u00fcnc\u00fc ma\u00e7 sonras\u0131 a\u00e7\u0131klamalarda bulundu.<\/p>\n","protected":false},"author":1,"featured_media":57372,"comment_status":"open","ping_status":"open","sticky":false,"template":"","format":"standard","meta":{"footnotes":""},"categories":[25],"tags":[],"class_list":["post-57371","post","type-post","status-publish","format-standard","has-post-thumbnail","hentry","category-futbol"],"_links":{"self":[{"href":"https:\/\/haberbesiktas.tr\/index.php?rest_route=\/wp\/v2\/posts\/57371","targetHints":{"allow":["GET"]}}],"collection":[{"href":"https:\/\/haberbesiktas.tr\/index.php?rest_route=\/wp\/v2\/posts"}],"about":[{"href":"https:\/\/haberbesiktas.tr\/index.php?rest_route=\/wp\/v2\/types\/post"}],"author":[{"embeddable":true,"href":"https:\/\/haberbesiktas.tr\/index.php?rest_route=\/wp\/v2\/users\/1"}],"replies":[{"embeddable":true,"href":"https:\/\/haberbesiktas.tr\/index.php?rest_route=%2Fwp%2Fv2%2Fcomments&post=57371"}],"version-history":[{"count":1,"href":"https:\/\/haberbesiktas.tr\/index.php?rest_route=\/wp\/v2\/posts\/57371\/revisions"}],"predecessor-version":[{"id":57373,"href":"https:\/\/haberbesiktas.tr\/index.php?rest_route=\/wp\/v2\/posts\/57371\/revisions\/57373"}],"wp:featuredmedia":[{"embeddable":true,"href":"https:\/\/haberbesiktas.tr\/index.php?rest_route=\/wp\/v2\/media\/57372"}],"wp:attachment":[{"href":"https:\/\/haberbesiktas.tr\/index.php?rest_route=%2Fwp%2Fv2%2Fmedia&parent=57371"}],"wp:term":[{"taxonomy":"category","embeddable":true,"href":"https:\/\/haberbesiktas.tr\/index.php?rest_route=%2Fwp%2Fv2%2Fcategories&post=57371"},{"taxonomy":"post_tag","embeddable":true,"href":"https:\/\/haberbesiktas.tr\/index.php?rest_route=%2Fwp%2Fv2%2Ftags&post=57371"}],"curies":[{"name":"wp","href":"https:\/\/api.w.org\/{rel}","templated":true}]}}