{"id":57374,"date":"2026-02-06T17:12:07","date_gmt":"2026-02-06T17:12:07","guid":{"rendered":"https:\/\/haberbesiktas.tr\/?p=57374"},"modified":"2026-02-06T17:12:07","modified_gmt":"2026-02-06T17:12:07","slug":"mert-gunok-insallah-bu-sene-mutlu-sona-ulasacagiz","status":"publish","type":"post","link":"https:\/\/haberbesiktas.tr\/?p=57374","title":{"rendered":"Mert G\u00fcnok: &#8220;\u0130n\u015fallah bu sene mutlu sona ula\u015faca\u011f\u0131z&#8221;"},"content":{"rendered":"<div>\n<div>Fenerbah\u00e7e, Ziraat T\u00fcrkiye Kupas\u0131 C K\u00fcmesi 3. ma\u00e7\u0131nda Erzurumspor&#8217;u 3-1 ma\u011flup etti.<\/div>\n<div>\u00a0<\/div>\n<div>Ma\u00e7\u0131n akabinde sar\u0131-lacivertlilerin file bek\u00e7isi Mert G\u00fcnok a\u00e7\u0131klamalarda bulundu.<\/div>\n<div>\u00a0<\/div>\n<div><strong>&#8220;\u0130N\u015eALLAH BU SENE KEY\u0130FL\u0130 SON&#8221;<\/strong><\/div>\n<div>\u00a0<\/div>\n<div>Fenerbah\u00e7e&#8217;ye d\u00f6nmenin memnunlu\u011funu ya\u015fayan Mert G\u00fcnok,<strong> &#8220;Mutluyum, y\u0131llar sonra burada ma\u00e7a \u00e7\u0131kmak ho\u015f bir his. Kupada da yolumuza devam ediyoruz. Ho\u015f bir galibiyet oldu. Trib\u00fcnlerimiz hafta i\u00e7i olmas\u0131na kar\u015f\u0131n doluydu ve bizi destekledi. Yolumuza devam ediyoruz. Ligde de k\u0131ymetli bir ma\u00e7\u0131m\u0131z var. T\u00fcm kulvarlarda gidebildi\u011fimiz yere kadar gitmeyi ve \u015fampiyonluklar\u0131 hedefliyoruz.&#8221;<\/strong> dedi.<\/div>\n<div>\u00a0<\/div>\n<div>Tecr\u00fcbeli kaledi, grup i\u00e7i birlikteli\u011fi \u015fu s\u00f6zlerle tabir etti:<\/div>\n<div>\u00a0<\/div>\n<div><strong>\u00a0&#8220;Tak\u0131m\u0131m\u0131z\u0131n de\u011ferli oyuncular\u0131 transfer etti. D\u00f6nem ba\u015f\u0131ndan beri ho\u015f bir birliktelik var. Saha i\u00e7inde hocam\u0131zla birlikte \u00e2l\u00e2 bir oyun oynuyoruz. Lig asl\u0131nda ikinci yar\u0131 ba\u015fl\u0131yor. Birinci yar\u0131da toplad\u0131\u011f\u0131m\u0131z puanlara ikinci yar\u0131 muhta\u00e7l\u0131\u011f\u0131m\u0131z olacak. As\u0131l lig ba\u015flad\u0131. Uzun y\u0131llard\u0131r hasret \u00e7ekti\u011fimiz \u015fampiyonlu\u011fu istiyoruz. \u0130n\u015fallah bu sene memnun sona ula\u015faca\u011f\u0131z.&#8221;<\/strong><\/div>\n<\/p><\/div>\n","protected":false},"excerpt":{"rendered":"<p>Ziraat T\u00fcrkiye Kupas\u0131&#8217;nda Erzurumspor&#8217;u 3-1 ma\u011flup eden Fenerbah\u00e7e&#8217;de file bek\u00e7isi Mert G\u00fcnok, sar\u0131-lacivertli formayla yine alana \u00e7\u0131kman\u0131n memnunlu\u011funu ya\u015fad\u0131\u011f\u0131n\u0131 s\u00f6yledi.<\/p>\n","protected":false},"author":1,"featured_media":57375,"comment_status":"open","ping_status":"open","sticky":false,"template":"","format":"standard","meta":{"footnotes":""},"categories":[25],"tags":[],"class_list":["post-57374","post","type-post","status-publish","format-standard","has-post-thumbnail","hentry","category-futbol"],"_links":{"self":[{"href":"https:\/\/haberbesiktas.tr\/index.php?rest_route=\/wp\/v2\/posts\/57374","targetHints":{"allow":["GET"]}}],"collection":[{"href":"https:\/\/haberbesiktas.tr\/index.php?rest_route=\/wp\/v2\/posts"}],"about":[{"href":"https:\/\/haberbesiktas.tr\/index.php?rest_route=\/wp\/v2\/types\/post"}],"author":[{"embeddable":true,"href":"https:\/\/haberbesiktas.tr\/index.php?rest_route=\/wp\/v2\/users\/1"}],"replies":[{"embeddable":true,"href":"https:\/\/haberbesiktas.tr\/index.php?rest_route=%2Fwp%2Fv2%2Fcomments&post=57374"}],"version-history":[{"count":1,"href":"https:\/\/haberbesiktas.tr\/index.php?rest_route=\/wp\/v2\/posts\/57374\/revisions"}],"predecessor-version":[{"id":57376,"href":"https:\/\/haberbesiktas.tr\/index.php?rest_route=\/wp\/v2\/posts\/57374\/revisions\/57376"}],"wp:featuredmedia":[{"embeddable":true,"href":"https:\/\/haberbesiktas.tr\/index.php?rest_route=\/wp\/v2\/media\/57375"}],"wp:attachment":[{"href":"https:\/\/haberbesiktas.tr\/index.php?rest_route=%2Fwp%2Fv2%2Fmedia&parent=57374"}],"wp:term":[{"taxonomy":"category","embeddable":true,"href":"https:\/\/haberbesiktas.tr\/index.php?rest_route=%2Fwp%2Fv2%2Fcategories&post=57374"},{"taxonomy":"post_tag","embeddable":true,"href":"https:\/\/haberbesiktas.tr\/index.php?rest_route=%2Fwp%2Fv2%2Ftags&post=57374"}],"curies":[{"name":"wp","href":"https:\/\/api.w.org\/{rel}","templated":true}]}}