{"id":57377,"date":"2026-02-06T17:24:09","date_gmt":"2026-02-06T17:24:09","guid":{"rendered":"https:\/\/haberbesiktas.tr\/?p=57377"},"modified":"2026-02-06T17:24:09","modified_gmt":"2026-02-06T17:24:09","slug":"tedesco-musaba-ve-mert-gunok-uefa-kadrosunda-yok","status":"publish","type":"post","link":"https:\/\/haberbesiktas.tr\/?p=57377","title":{"rendered":"Tedesco: &#8220;Musaba ve Mert G\u00fcnok, UEFA kadrosunda yok&#8221;"},"content":{"rendered":"<div>Fenerbah\u00e7e Teknik Y\u00f6neticisi Domenico Tedesco, g\u00fcncellenecek olan UEFA listesine yaz\u0131lmayacak isimleri a\u00e7\u0131klad\u0131.<\/p>\n<p> Tedesco, Erzurumspor ma\u00e7\u0131n\u0131n akabinde yapt\u0131\u011f\u0131 a\u00e7\u0131klamada; Samsunspor&#8217;dan transfer edilen Anthony Musaba ve Be\u015fikta\u015f&#8217;tan gelen Mert G\u00fcnok&#8217;un UEFA listesinde olmayaca\u011f\u0131n\u0131 duyurdu.<\/p>\n<p> Matteo Guendouzi, Sidiki Cherif ve N&#8217;Golo Kante&#8217;yi UEFA&#8217;ya bildireceklerini s\u00f6yleyen Tedesco, &#8220;<strong>Musaba ile konu\u015ftum. Mert ve Musaba liste d\u0131\u015f\u0131nda olacak. Ben oyuncuya bu durumu a\u00e7\u0131klad\u0131m. Kendisi de anlay\u0131\u015fla kar\u015f\u0131lad\u0131. Duygusal manada s\u0131k\u0131nt\u0131 oldu ancak Musaba m\u00fcspet biri. Musaba &#8216;lig ve kupa i\u00e7in her vakit haz\u0131r\u0131m&#8217; dedi. Bu karakterde olmas\u0131n\u0131 isterim oyuncular\u0131m\u0131n daima, daha fazlas\u0131n\u0131 isteyemem<\/strong>.&#8221; a\u00e7\u0131klamas\u0131n\u0131 yapt\u0131.<\/p>\n<\/div>\n","protected":false},"excerpt":{"rendered":"<p>Fenerbah\u00e7e Teknik Y\u00f6neticisi Domenico Tedesco, UEFA&#8217;ya bildirilmeyecek isimleri duyurdu.<\/p>\n","protected":false},"author":1,"featured_media":57378,"comment_status":"open","ping_status":"open","sticky":false,"template":"","format":"standard","meta":{"footnotes":""},"categories":[25],"tags":[3575],"class_list":["post-57377","post","type-post","status-publish","format-standard","has-post-thumbnail","hentry","category-futbol","tag-musaba"],"_links":{"self":[{"href":"https:\/\/haberbesiktas.tr\/index.php?rest_route=\/wp\/v2\/posts\/57377","targetHints":{"allow":["GET"]}}],"collection":[{"href":"https:\/\/haberbesiktas.tr\/index.php?rest_route=\/wp\/v2\/posts"}],"about":[{"href":"https:\/\/haberbesiktas.tr\/index.php?rest_route=\/wp\/v2\/types\/post"}],"author":[{"embeddable":true,"href":"https:\/\/haberbesiktas.tr\/index.php?rest_route=\/wp\/v2\/users\/1"}],"replies":[{"embeddable":true,"href":"https:\/\/haberbesiktas.tr\/index.php?rest_route=%2Fwp%2Fv2%2Fcomments&post=57377"}],"version-history":[{"count":1,"href":"https:\/\/haberbesiktas.tr\/index.php?rest_route=\/wp\/v2\/posts\/57377\/revisions"}],"predecessor-version":[{"id":57379,"href":"https:\/\/haberbesiktas.tr\/index.php?rest_route=\/wp\/v2\/posts\/57377\/revisions\/57379"}],"wp:featuredmedia":[{"embeddable":true,"href":"https:\/\/haberbesiktas.tr\/index.php?rest_route=\/wp\/v2\/media\/57378"}],"wp:attachment":[{"href":"https:\/\/haberbesiktas.tr\/index.php?rest_route=%2Fwp%2Fv2%2Fmedia&parent=57377"}],"wp:term":[{"taxonomy":"category","embeddable":true,"href":"https:\/\/haberbesiktas.tr\/index.php?rest_route=%2Fwp%2Fv2%2Fcategories&post=57377"},{"taxonomy":"post_tag","embeddable":true,"href":"https:\/\/haberbesiktas.tr\/index.php?rest_route=%2Fwp%2Fv2%2Ftags&post=57377"}],"curies":[{"name":"wp","href":"https:\/\/api.w.org\/{rel}","templated":true}]}}