{"id":57389,"date":"2026-02-06T18:12:07","date_gmt":"2026-02-06T18:12:07","guid":{"rendered":"https:\/\/haberbesiktas.tr\/?p=57389"},"modified":"2026-02-06T18:12:07","modified_gmt":"2026-02-06T18:12:07","slug":"konyasporda-ilhan-palut-donemi-yeniden-basliyor","status":"publish","type":"post","link":"https:\/\/haberbesiktas.tr\/?p=57389","title":{"rendered":"Konyaspor&#8217;da \u0130lhan Palut d\u00f6nemi yeniden ba\u015fl\u0131yor"},"content":{"rendered":"<div>\n<div>\u00c7a\u011fda\u015f Atan ile yollar\u0131n\u0131 ay\u0131ran S\u00fcper Lig grubu Konyaspor, teknik y\u00f6neticilik misyonu i\u00e7in \u0130lhan Palut ile mutabakata vard\u0131klar\u0131n\u0131 a\u00e7\u0131klad\u0131.<\/div>\n<div>\u00a0<\/div>\n<div>Ye\u015fil-beyazl\u0131 kul\u00fcpten yap\u0131lan a\u00e7\u0131klamada &#8220;Kul\u00fcp Liderimiz Say\u0131n \u00d6mer Atiker ve ilgili \u015furam\u0131z, Say\u0131n \u0130lhan Palut ile ger\u00e7ekle\u015ftirdi\u011fi g\u00f6r\u00fc\u015fmeler sonucunda kendisinin T\u00fcmosan Konyaspor Teknik Y\u00f6neticili\u011fi misyonuna getirilmesi konusunda prensipte anla\u015fm\u0131\u015flard\u0131r.\u00a0 \u00a0<\/div>\n<div>\u00a0<\/div>\n<div>Resmi kontrat 6 \u015eubat 2026 Cuma g\u00fcn\u00fc imzalanacak ve kamuoyu ile payla\u015f\u0131lacakt\u0131r.&#8221; denildi.\u00a0<\/div>\n<div>\u00a0<\/div>\n<div>Daha evvel Konyaspor&#8217;u \u00e7al\u0131\u015ft\u0131ran 49 ya\u015f\u0131ndaki teknik adam, ikinci kere ye\u015fil-beyazl\u0131larda misyon yapacak.<\/div>\n<\/p><\/div>\n","protected":false},"excerpt":{"rendered":"<p>\u00c7a\u011fda\u015f Atan ile yollar\u0131n\u0131 ay\u0131ran Konyaspor, teknik y\u00f6neticilik vazifesi i\u00e7in \u0130lhan Palut ile prensip muahedesine vard\u0131.<\/p>\n","protected":false},"author":1,"featured_media":57390,"comment_status":"open","ping_status":"open","sticky":false,"template":"","format":"standard","meta":{"footnotes":""},"categories":[25],"tags":[],"class_list":["post-57389","post","type-post","status-publish","format-standard","has-post-thumbnail","hentry","category-futbol"],"_links":{"self":[{"href":"https:\/\/haberbesiktas.tr\/index.php?rest_route=\/wp\/v2\/posts\/57389","targetHints":{"allow":["GET"]}}],"collection":[{"href":"https:\/\/haberbesiktas.tr\/index.php?rest_route=\/wp\/v2\/posts"}],"about":[{"href":"https:\/\/haberbesiktas.tr\/index.php?rest_route=\/wp\/v2\/types\/post"}],"author":[{"embeddable":true,"href":"https:\/\/haberbesiktas.tr\/index.php?rest_route=\/wp\/v2\/users\/1"}],"replies":[{"embeddable":true,"href":"https:\/\/haberbesiktas.tr\/index.php?rest_route=%2Fwp%2Fv2%2Fcomments&post=57389"}],"version-history":[{"count":1,"href":"https:\/\/haberbesiktas.tr\/index.php?rest_route=\/wp\/v2\/posts\/57389\/revisions"}],"predecessor-version":[{"id":57391,"href":"https:\/\/haberbesiktas.tr\/index.php?rest_route=\/wp\/v2\/posts\/57389\/revisions\/57391"}],"wp:featuredmedia":[{"embeddable":true,"href":"https:\/\/haberbesiktas.tr\/index.php?rest_route=\/wp\/v2\/media\/57390"}],"wp:attachment":[{"href":"https:\/\/haberbesiktas.tr\/index.php?rest_route=%2Fwp%2Fv2%2Fmedia&parent=57389"}],"wp:term":[{"taxonomy":"category","embeddable":true,"href":"https:\/\/haberbesiktas.tr\/index.php?rest_route=%2Fwp%2Fv2%2Fcategories&post=57389"},{"taxonomy":"post_tag","embeddable":true,"href":"https:\/\/haberbesiktas.tr\/index.php?rest_route=%2Fwp%2Fv2%2Ftags&post=57389"}],"curies":[{"name":"wp","href":"https:\/\/api.w.org\/{rel}","templated":true}]}}