{"id":57411,"date":"2026-02-06T19:36:06","date_gmt":"2026-02-06T19:36:06","guid":{"rendered":"https:\/\/haberbesiktas.tr\/?p=57411"},"modified":"2026-02-06T19:36:06","modified_gmt":"2026-02-06T19:36:06","slug":"tff-ve-super-lig-kulupleri-harda-kacmaz-icin-bassagligi-mesaji-yayimladi","status":"publish","type":"post","link":"https:\/\/haberbesiktas.tr\/?p=57411","title":{"rendered":"TFF ve S\u00fcper Lig kul\u00fcpleri, Harda Ka\u00e7maz i\u00e7in ba\u015fsa\u011fl\u0131\u011f\u0131 mesaj\u0131 yay\u0131mlad\u0131"},"content":{"rendered":"<div>\n<div>T\u00fcrkiye Futbol Federasyonu (TFF) ve Trendyol S\u00fcper Lig kul\u00fcpleri, Ziraat T\u00fcrkiye Kupas\u0131&#8217;nda Kocaelispor ile Be\u015fikta\u015f ortas\u0131nda oynanan kar\u015f\u0131la\u015fma s\u0131ras\u0131nda trib\u00fcnden d\u00fc\u015f\u00fcp kald\u0131r\u0131ld\u0131\u011f\u0131 hastanede hayat\u0131n\u0131 kaybeden Harda Ka\u00e7maz i\u00e7in ba\u015fsa\u011fl\u0131\u011f\u0131 iletisi yay\u0131mlad\u0131.<\/div>\n<div>TFF&#8217;nin internet sitesinde yer alan iletide, &#8220;Ziraat T\u00fcrkiye Kupas\u0131&#8217;nda k\u00fcme kademesinin 3. haftas\u0131nda bug\u00fcn oynanan Kocaelispor-Be\u015fikta\u015f ma\u00e7\u0131nda, trib\u00fcnden d\u00fc\u015ferek yaralanan ve hastaneye kald\u0131r\u0131lan Kocaelispor taraftar\u0131 Harda Ka\u00e7maz&#8217;\u0131n vefat etti\u011fini derin bir h\u00fcz\u00fcn ile \u00f6\u011frenmi\u015f bulunuyoruz. Merhum taraftara Allah&#8217;tan rahmet; ailesine, yak\u0131nlar\u0131na ve Kocaelispor toplulu\u011funa ba\u015fsa\u011fl\u0131\u011f\u0131 dileriz.&#8221; denildi.<\/div>\n<div>Be\u015fikta\u015f Kul\u00fcb\u00fcn\u00fcn yay\u0131mlad\u0131\u011f\u0131 ba\u015fsa\u011fl\u0131\u011f\u0131 bildirisinde \u015fu tabirlere yer verildi:<\/div>\n<div>&#8220;Kocaelispor ma\u00e7\u0131 s\u0131ras\u0131nda trib\u00fcnden d\u00fc\u015ferek a\u011f\u0131r yaralanan Kocaelispor taraftar\u0131 Harda Ka\u00e7maz&#8217;\u0131n t\u00fcm m\u00fcdahalelere kar\u015f\u0131n kurtar\u0131lamayarak hayat\u0131n\u0131 kaybetti\u011fini b\u00fcy\u00fck bir kederle \u00f6\u011frenmi\u015f bulunuyoruz. Harda Ka\u00e7maz&#8217;a Allah&#8217;tan rahmet, ailelerine, yak\u0131nlar\u0131na, t\u00fcm Kocaelispor ve spor toplulu\u011funa ba\u015fsa\u011fl\u0131\u011f\u0131 diliyoruz.&#8221;<\/div>\n<div>Fenerbah\u00e7e Kul\u00fcb\u00fcnden yap\u0131lan payla\u015f\u0131mda, &#8220;Ya\u015fad\u0131\u011f\u0131 bahts\u0131z kaza sonucu yaralanarak hastaneye kald\u0131r\u0131lan Kocaelispor taraftar\u0131 Harda Ka\u00e7maz&#8217;\u0131n vefat etti\u011fi haberini \u00fcz\u00fclerek \u00f6\u011frenmi\u015f bulunmaktay\u0131z. Merhuma Allah&#8217;tan rahmet; yak\u0131nlar\u0131na, sevenlerine ve Kocaelispor toplulu\u011funa ba\u015fsa\u011fl\u0131\u011f\u0131 dileriz.&#8221; s\u00f6zleri kullan\u0131ld\u0131.<\/div>\n<div>Galatasaray Kul\u00fcb\u00fc, yay\u0131mlad\u0131\u011f\u0131 iletide, &#8220;Talihsiz bir kaza sonucunda hayat\u0131n\u0131 kaybeden Kocaelispor taraftar\u0131 Harda Ka\u00e7maz&#8217;a Allah&#8217;tan rahmet; ailesine, sevenlerine ve t\u00fcm Kocaelispor toplulu\u011funa ba\u015fsa\u011fl\u0131\u011f\u0131 dileriz.&#8221; s\u00f6zlerini payla\u015ft\u0131.<\/div>\n<div>Trabzonspor Kul\u00fcb\u00fcn\u00fcn ba\u015fsa\u011fl\u0131\u011f\u0131 bildirisinde ise \u015funlar kaydedildi:<\/div>\n<div>&#8220;Kocaelispor-Be\u015fikta\u015f m\u00fcsabakas\u0131nda trib\u00fcnden d\u00fc\u015ferek yaralanan ve hastaneye kald\u0131r\u0131lan Kocaelispor taraftar\u0131 Harda Ka\u00e7maz&#8217;\u0131n vefat etti\u011fi haberini derin bir kederle \u00f6\u011frenmi\u015f bulunmaktay\u0131z. Merhuma Allah&#8217;tan rahmet; ailesine, yak\u0131nlar\u0131na ve Kocaelispor toplulu\u011funa ba\u015fsa\u011fl\u0131\u011f\u0131 diliyoruz.&#8221;<\/div>\n<div>\u00a0<\/div>\n<div>Bir\u00e7ok S\u00fcper Lig kul\u00fcb\u00fc de toplumsal medya hesaplar\u0131ndan Ka\u00e7maz&#8217;\u0131n vefat\u0131 m\u00fcnasebetiyle ba\u015fsa\u011fl\u0131\u011f\u0131 bildirisi yay\u0131mlad\u0131.<\/div>\n<\/p><\/div>\n","protected":false},"excerpt":{"rendered":"<p>Ziraat T\u00fcrkiye Kupas\u0131&#8217;nda Kocaelispor-Be\u015fikta\u015f ma\u00e7\u0131nda trib\u00fcnden d\u00fc\u015ferek yaralanan Harda Ka\u00e7maz, kald\u0131r\u0131ld\u0131\u011f\u0131 hastanede hayat\u0131n\u0131 kaybetti.<\/p>\n","protected":false},"author":1,"featured_media":57412,"comment_status":"open","ping_status":"open","sticky":false,"template":"","format":"standard","meta":{"footnotes":""},"categories":[25],"tags":[4093,257],"class_list":["post-57411","post","type-post","status-publish","format-standard","has-post-thumbnail","hentry","category-futbol","tag-allahtan","tag-kocaelispor"],"_links":{"self":[{"href":"https:\/\/haberbesiktas.tr\/index.php?rest_route=\/wp\/v2\/posts\/57411","targetHints":{"allow":["GET"]}}],"collection":[{"href":"https:\/\/haberbesiktas.tr\/index.php?rest_route=\/wp\/v2\/posts"}],"about":[{"href":"https:\/\/haberbesiktas.tr\/index.php?rest_route=\/wp\/v2\/types\/post"}],"author":[{"embeddable":true,"href":"https:\/\/haberbesiktas.tr\/index.php?rest_route=\/wp\/v2\/users\/1"}],"replies":[{"embeddable":true,"href":"https:\/\/haberbesiktas.tr\/index.php?rest_route=%2Fwp%2Fv2%2Fcomments&post=57411"}],"version-history":[{"count":1,"href":"https:\/\/haberbesiktas.tr\/index.php?rest_route=\/wp\/v2\/posts\/57411\/revisions"}],"predecessor-version":[{"id":57413,"href":"https:\/\/haberbesiktas.tr\/index.php?rest_route=\/wp\/v2\/posts\/57411\/revisions\/57413"}],"wp:featuredmedia":[{"embeddable":true,"href":"https:\/\/haberbesiktas.tr\/index.php?rest_route=\/wp\/v2\/media\/57412"}],"wp:attachment":[{"href":"https:\/\/haberbesiktas.tr\/index.php?rest_route=%2Fwp%2Fv2%2Fmedia&parent=57411"}],"wp:term":[{"taxonomy":"category","embeddable":true,"href":"https:\/\/haberbesiktas.tr\/index.php?rest_route=%2Fwp%2Fv2%2Fcategories&post=57411"},{"taxonomy":"post_tag","embeddable":true,"href":"https:\/\/haberbesiktas.tr\/index.php?rest_route=%2Fwp%2Fv2%2Ftags&post=57411"}],"curies":[{"name":"wp","href":"https:\/\/api.w.org\/{rel}","templated":true}]}}