{"id":57418,"date":"2026-02-06T20:00:05","date_gmt":"2026-02-06T20:00:05","guid":{"rendered":"https:\/\/haberbesiktas.tr\/?p=57418"},"modified":"2026-02-06T20:00:05","modified_gmt":"2026-02-06T20:00:05","slug":"galatasaraya-deniz-gul-cevabi","status":"publish","type":"post","link":"https:\/\/haberbesiktas.tr\/?p=57418","title":{"rendered":"Galatasaray&#8217;a Deniz G\u00fcl cevab\u0131"},"content":{"rendered":"<div>Mauro Icardi&#8217;nin mukavelesini uzatmayan Galatasaray, yedek forvet aray\u0131\u015flar\u0131n\u0131 s\u00fcrd\u00fcr\u00fcyor.<\/p>\n<p> Bir m\u00fcddet evvel g\u00fcndeme gelen Deniz G\u00fcl i\u00e7in fiyat soran sar\u0131-k\u0131rm\u0131z\u0131l\u0131lara Porto&#8217;dan 10 milyon Euro yan\u0131t\u0131 gelmi\u015fti. Portekiz grubu orta transferin sonuna yanl\u0131\u015fs\u0131z bu say\u0131s\u0131 7.5 milyon Euro&#8217;ya d\u00fc\u015f\u00fcrd\u00fc.<\/p>\n<p> A Ulusal Kadro havuzunda yer alan 21 ya\u015f\u0131ndaki golc\u00fc i\u00e7in Galatasaray son karar\u0131n\u0131 vermedi.<\/p>\n<p> Galatasaray, orta transferde olmazsa d\u00f6nem sonunda yine nab\u0131z yoklayacak.\u00a0<\/p>\n<\/div>\n","protected":false},"excerpt":{"rendered":"<p>Galatasaray, Deniz G\u00fcl i\u00e7in 10 milyon Euro isteyen Porto&#8217;yu pazarl\u0131kla 7.5 milyona d\u00fc\u015f\u00fcrd\u00fc.<\/p>\n","protected":false},"author":1,"featured_media":57419,"comment_status":"open","ping_status":"open","sticky":false,"template":"","format":"standard","meta":{"footnotes":""},"categories":[25],"tags":[],"class_list":["post-57418","post","type-post","status-publish","format-standard","has-post-thumbnail","hentry","category-futbol"],"_links":{"self":[{"href":"https:\/\/haberbesiktas.tr\/index.php?rest_route=\/wp\/v2\/posts\/57418","targetHints":{"allow":["GET"]}}],"collection":[{"href":"https:\/\/haberbesiktas.tr\/index.php?rest_route=\/wp\/v2\/posts"}],"about":[{"href":"https:\/\/haberbesiktas.tr\/index.php?rest_route=\/wp\/v2\/types\/post"}],"author":[{"embeddable":true,"href":"https:\/\/haberbesiktas.tr\/index.php?rest_route=\/wp\/v2\/users\/1"}],"replies":[{"embeddable":true,"href":"https:\/\/haberbesiktas.tr\/index.php?rest_route=%2Fwp%2Fv2%2Fcomments&post=57418"}],"version-history":[{"count":1,"href":"https:\/\/haberbesiktas.tr\/index.php?rest_route=\/wp\/v2\/posts\/57418\/revisions"}],"predecessor-version":[{"id":57420,"href":"https:\/\/haberbesiktas.tr\/index.php?rest_route=\/wp\/v2\/posts\/57418\/revisions\/57420"}],"wp:featuredmedia":[{"embeddable":true,"href":"https:\/\/haberbesiktas.tr\/index.php?rest_route=\/wp\/v2\/media\/57419"}],"wp:attachment":[{"href":"https:\/\/haberbesiktas.tr\/index.php?rest_route=%2Fwp%2Fv2%2Fmedia&parent=57418"}],"wp:term":[{"taxonomy":"category","embeddable":true,"href":"https:\/\/haberbesiktas.tr\/index.php?rest_route=%2Fwp%2Fv2%2Fcategories&post=57418"},{"taxonomy":"post_tag","embeddable":true,"href":"https:\/\/haberbesiktas.tr\/index.php?rest_route=%2Fwp%2Fv2%2Ftags&post=57418"}],"curies":[{"name":"wp","href":"https:\/\/api.w.org\/{rel}","templated":true}]}}