{"id":57421,"date":"2026-02-06T20:12:06","date_gmt":"2026-02-06T20:12:06","guid":{"rendered":"https:\/\/haberbesiktas.tr\/?p=57421"},"modified":"2026-02-06T20:12:06","modified_gmt":"2026-02-06T20:12:06","slug":"galatasaraydan-3-kupa-icin-cifte-kadro","status":"publish","type":"post","link":"https:\/\/haberbesiktas.tr\/?p=57421","title":{"rendered":"Galatasaray&#8217;dan 3 kupa i\u00e7in \u00e7ifte kadro"},"content":{"rendered":"<div>Noa Lang ve Asprilla&#8217;n\u0131n akabinde Nhaga&#8217;y\u0131 tak\u0131m\u0131na katan Galatasaray&#8217;\u0131n son g\u00fcn s\u00fcrprizi Sacha Boey oldu.<\/p>\n<p> Destekleri k\u00e2fi g\u00f6ren teknik y\u00f6netici Okan Buruk, yeni transferlerle Avrupa&#8217;da Juventus&#8217;u elemeyi ve S\u00fcper Lig&#8217;de \u00fcst \u00fcste 4. \u015fampiyonlu\u011fa ula\u015fmaya \u00e7al\u0131\u015facak. Tak\u0131m planlamas\u0131nda Sacha Boey ve Noa Lang birinci 11&#8217;de, Asprilla ve Nhaga ise yedek kul\u00fcbesinde takviye g\u00fcc\u00fc olarak d\u00fc\u015f\u00fcn\u00fcl\u00fcyor.<\/p>\n<p> 2 bu\u00e7uk ay sonra alanlara d\u00f6nen Singo&#8217;ya da yeni transfer g\u00f6z\u00fcyle bak\u0131l\u0131yor. 25 ya\u015f\u0131ndaki Fildi\u015fili oyuncu tam olarak haz\u0131r hale gelene kadar yedekte kalacak.<\/p>\n<p> Ayr\u0131yeten Noa Lang, Okan Buruk taraf\u0131ndan 10 numara b\u00f6lgesine haz\u0131rlan\u0131rken Yunus Akg\u00fcn ise son haftalardaki performans\u0131 sonras\u0131 as tak\u0131mdan kul\u00fcbeye d\u00fc\u015ft\u00fc.\u00a0<\/p>\n<\/div>\n","protected":false},"excerpt":{"rendered":"<p>Galatasaray, may\u0131s sonuna kadar zorluklarla dolu fikst\u00fcr i\u00e7in oyuncu havuzunu geni\u015fletti. Sacha Boey ile Noa Lang birinci 11&#8217;e, Asprilla ve Nhaga ise kul\u00fcbeye destek oldu<\/p>\n","protected":false},"author":1,"featured_media":57422,"comment_status":"open","ping_status":"open","sticky":false,"template":"","format":"standard","meta":{"footnotes":""},"categories":[25],"tags":[],"class_list":["post-57421","post","type-post","status-publish","format-standard","has-post-thumbnail","hentry","category-futbol"],"_links":{"self":[{"href":"https:\/\/haberbesiktas.tr\/index.php?rest_route=\/wp\/v2\/posts\/57421","targetHints":{"allow":["GET"]}}],"collection":[{"href":"https:\/\/haberbesiktas.tr\/index.php?rest_route=\/wp\/v2\/posts"}],"about":[{"href":"https:\/\/haberbesiktas.tr\/index.php?rest_route=\/wp\/v2\/types\/post"}],"author":[{"embeddable":true,"href":"https:\/\/haberbesiktas.tr\/index.php?rest_route=\/wp\/v2\/users\/1"}],"replies":[{"embeddable":true,"href":"https:\/\/haberbesiktas.tr\/index.php?rest_route=%2Fwp%2Fv2%2Fcomments&post=57421"}],"version-history":[{"count":1,"href":"https:\/\/haberbesiktas.tr\/index.php?rest_route=\/wp\/v2\/posts\/57421\/revisions"}],"predecessor-version":[{"id":57423,"href":"https:\/\/haberbesiktas.tr\/index.php?rest_route=\/wp\/v2\/posts\/57421\/revisions\/57423"}],"wp:featuredmedia":[{"embeddable":true,"href":"https:\/\/haberbesiktas.tr\/index.php?rest_route=\/wp\/v2\/media\/57422"}],"wp:attachment":[{"href":"https:\/\/haberbesiktas.tr\/index.php?rest_route=%2Fwp%2Fv2%2Fmedia&parent=57421"}],"wp:term":[{"taxonomy":"category","embeddable":true,"href":"https:\/\/haberbesiktas.tr\/index.php?rest_route=%2Fwp%2Fv2%2Fcategories&post=57421"},{"taxonomy":"post_tag","embeddable":true,"href":"https:\/\/haberbesiktas.tr\/index.php?rest_route=%2Fwp%2Fv2%2Ftags&post=57421"}],"curies":[{"name":"wp","href":"https:\/\/api.w.org\/{rel}","templated":true}]}}