{"id":57424,"date":"2026-02-06T20:24:07","date_gmt":"2026-02-06T20:24:07","guid":{"rendered":"https:\/\/haberbesiktas.tr\/?p=57424"},"modified":"2026-02-06T20:24:07","modified_gmt":"2026-02-06T20:24:07","slug":"g-sarayda-1-2-milyon-rapid-wiende-250-bin","status":"publish","type":"post","link":"https:\/\/haberbesiktas.tr\/?p=57424","title":{"rendered":"G.Saray&#8217;da 1.2 milyon, Rapid Wien&#8217;de 250 bin"},"content":{"rendered":"<div>Galatasaray&#8217;dan ayr\u0131lan Yusuf Demir, altyap\u0131s\u0131ndan yeti\u015fti\u011fi kul\u00fcp Rapid Wien&#8217;e geri d\u00f6nd\u00fc.<\/p>\n<p> Ye\u015fil-beyazl\u0131lar, oyuncuyla 2027 yaz\u0131na kadar mukavele imzaland\u0131\u011f\u0131n\u0131 a\u00e7\u0131klad\u0131. Yusuf Demir, d\u00f6n\u00fc\u015f\u00fcyle ilgili yapt\u0131\u011f\u0131 a\u00e7\u0131klamada, <em><strong>&#8220;Ben her vakit Rapidliyim. Yine forma giyecek olmaktan memnunum. Yeni teknik tak\u0131m, ekip arkada\u015flar\u0131m, taraftarlar ve bilhassa karde\u015fim Furkan&#8217;la yine t\u0131pk\u0131 kul\u00fcpte olmak benim i\u00e7in \u00e7ok \u00f6zel&#8221;<\/strong><\/em> dedi.<\/p>\n<p> Galatasaray&#8217;da y\u0131ll\u0131k 1.2 milyon Euro alan futbolcu, Wien&#8217;de d\u00f6nem sonuna kadar 250 bin Euro kazanacak.<\/p>\n<\/div>\n","protected":false},"excerpt":{"rendered":"<p>Galatasaray&#8217;dan ayr\u0131lan Yusuf Demir&#8217;in yeni kul\u00fcb\u00fc Rapid Wien&#8217;den 250 bin Euro maa\u015f alaca\u011f\u0131 ortaya \u00e7\u0131kt\u0131.<\/p>\n","protected":false},"author":1,"featured_media":57425,"comment_status":"open","ping_status":"open","sticky":false,"template":"","format":"standard","meta":{"footnotes":""},"categories":[25],"tags":[],"class_list":["post-57424","post","type-post","status-publish","format-standard","has-post-thumbnail","hentry","category-futbol"],"_links":{"self":[{"href":"https:\/\/haberbesiktas.tr\/index.php?rest_route=\/wp\/v2\/posts\/57424","targetHints":{"allow":["GET"]}}],"collection":[{"href":"https:\/\/haberbesiktas.tr\/index.php?rest_route=\/wp\/v2\/posts"}],"about":[{"href":"https:\/\/haberbesiktas.tr\/index.php?rest_route=\/wp\/v2\/types\/post"}],"author":[{"embeddable":true,"href":"https:\/\/haberbesiktas.tr\/index.php?rest_route=\/wp\/v2\/users\/1"}],"replies":[{"embeddable":true,"href":"https:\/\/haberbesiktas.tr\/index.php?rest_route=%2Fwp%2Fv2%2Fcomments&post=57424"}],"version-history":[{"count":1,"href":"https:\/\/haberbesiktas.tr\/index.php?rest_route=\/wp\/v2\/posts\/57424\/revisions"}],"predecessor-version":[{"id":57426,"href":"https:\/\/haberbesiktas.tr\/index.php?rest_route=\/wp\/v2\/posts\/57424\/revisions\/57426"}],"wp:featuredmedia":[{"embeddable":true,"href":"https:\/\/haberbesiktas.tr\/index.php?rest_route=\/wp\/v2\/media\/57425"}],"wp:attachment":[{"href":"https:\/\/haberbesiktas.tr\/index.php?rest_route=%2Fwp%2Fv2%2Fmedia&parent=57424"}],"wp:term":[{"taxonomy":"category","embeddable":true,"href":"https:\/\/haberbesiktas.tr\/index.php?rest_route=%2Fwp%2Fv2%2Fcategories&post=57424"},{"taxonomy":"post_tag","embeddable":true,"href":"https:\/\/haberbesiktas.tr\/index.php?rest_route=%2Fwp%2Fv2%2Ftags&post=57424"}],"curies":[{"name":"wp","href":"https:\/\/api.w.org\/{rel}","templated":true}]}}