{"id":57427,"date":"2026-02-06T20:36:15","date_gmt":"2026-02-06T20:36:15","guid":{"rendered":"https:\/\/haberbesiktas.tr\/?p=57427"},"modified":"2026-02-06T20:36:15","modified_gmt":"2026-02-06T20:36:15","slug":"okan-buruktan-singo-karari","status":"publish","type":"post","link":"https:\/\/haberbesiktas.tr\/?p=57427","title":{"rendered":"Okan Buruk&#8217;tan Singo karar\u0131!"},"content":{"rendered":"<div>Galatasaray, orta transfer devrinin bitimine k\u0131sa m\u00fcddet kala dikkat cazip bir transfere imza att\u0131. Sar\u0131-k\u0131rm\u0131z\u0131l\u0131lar, Almanya Bundesliga grubu Bayern M\u00fcnih formas\u0131 giyen ve daha evvel Galatasaray&#8217;da oynayan Sacha Boey&#8217;un kiralanmas\u0131 konusunda muahede sa\u011flad\u0131.<\/p>\n<p> Frans\u0131z sa\u011f bekin d\u00f6n\u00fc\u015f\u00fcn\u00fcn sadece savunma \u00e7izgisi i\u00e7in de\u011fil, orta saha planlamas\u0131 a\u00e7\u0131s\u0131ndan da kritik oldu\u011fu belirtildi. Teknik heyetin, Boey&#8217;un sa\u011f bekte misyon almas\u0131yla birlikte sakatl\u0131ktan yeni \u00e7\u0131kan Wilfried Singo&#8217;yu orta alanda, bilhassa 6 numara konumunda denemeyi planlad\u0131\u011f\u0131 s\u00f6z ediliyor.<\/p>\n<p> Okan Buruk&#8217;un bu kan\u0131s\u0131n\u0131 daha evvel de lisana getirdi\u011fi ortaya \u00e7\u0131kt\u0131. Deneyimli teknik adam, kupada \u0130stanbulspor ile oynanan ma\u00e7ta 75 g\u00fcn sonra oyuna dahil olan Singo i\u00e7in, &#8220;Yeni transfer&#8221; yorumunu yapm\u0131\u015ft\u0131.<\/p>\n<p> Boey&#8217;un tak\u0131ma kat\u0131lmas\u0131yla Galatasaray&#8217;da savunma ve orta saha rotasyonunun geni\u015flemesi, Okan Buruk&#8217;un elini kritik haftalar \u00f6ncesinde g\u00fc\u00e7lendirdi.\u00a0<\/p>\n<\/div>\n","protected":false},"excerpt":{"rendered":"<p>Galatasaray, transfer periyodunun son g\u00fcnlerinde eski oyuncusu Sacha Boey&#8217;u kiral\u0131k olarak tak\u0131m\u0131na katt\u0131. Teknik y\u00f6netici Okan Buruk&#8217;un bu at\u0131l\u0131mla birlikte Wilfried Singo&#8217;yu 6 numarada de\u011ferlendirmeyi planlad\u0131\u011f\u0131 \u00f6\u011frenildi.<\/p>\n","protected":false},"author":1,"featured_media":57428,"comment_status":"open","ping_status":"open","sticky":false,"template":"","format":"standard","meta":{"footnotes":""},"categories":[25],"tags":[],"class_list":["post-57427","post","type-post","status-publish","format-standard","has-post-thumbnail","hentry","category-futbol"],"_links":{"self":[{"href":"https:\/\/haberbesiktas.tr\/index.php?rest_route=\/wp\/v2\/posts\/57427","targetHints":{"allow":["GET"]}}],"collection":[{"href":"https:\/\/haberbesiktas.tr\/index.php?rest_route=\/wp\/v2\/posts"}],"about":[{"href":"https:\/\/haberbesiktas.tr\/index.php?rest_route=\/wp\/v2\/types\/post"}],"author":[{"embeddable":true,"href":"https:\/\/haberbesiktas.tr\/index.php?rest_route=\/wp\/v2\/users\/1"}],"replies":[{"embeddable":true,"href":"https:\/\/haberbesiktas.tr\/index.php?rest_route=%2Fwp%2Fv2%2Fcomments&post=57427"}],"version-history":[{"count":1,"href":"https:\/\/haberbesiktas.tr\/index.php?rest_route=\/wp\/v2\/posts\/57427\/revisions"}],"predecessor-version":[{"id":57429,"href":"https:\/\/haberbesiktas.tr\/index.php?rest_route=\/wp\/v2\/posts\/57427\/revisions\/57429"}],"wp:featuredmedia":[{"embeddable":true,"href":"https:\/\/haberbesiktas.tr\/index.php?rest_route=\/wp\/v2\/media\/57428"}],"wp:attachment":[{"href":"https:\/\/haberbesiktas.tr\/index.php?rest_route=%2Fwp%2Fv2%2Fmedia&parent=57427"}],"wp:term":[{"taxonomy":"category","embeddable":true,"href":"https:\/\/haberbesiktas.tr\/index.php?rest_route=%2Fwp%2Fv2%2Fcategories&post=57427"},{"taxonomy":"post_tag","embeddable":true,"href":"https:\/\/haberbesiktas.tr\/index.php?rest_route=%2Fwp%2Fv2%2Ftags&post=57427"}],"curies":[{"name":"wp","href":"https:\/\/api.w.org\/{rel}","templated":true}]}}