{"id":57464,"date":"2026-02-06T23:00:06","date_gmt":"2026-02-06T23:00:06","guid":{"rendered":"https:\/\/haberbesiktas.tr\/?p=57464"},"modified":"2026-02-06T23:00:06","modified_gmt":"2026-02-06T23:00:06","slug":"konyasporda-2-ilhan-palut-donemi","status":"publish","type":"post","link":"https:\/\/haberbesiktas.tr\/?p=57464","title":{"rendered":"Konyaspor&#8217;da 2. \u0130lhan Palut d\u00f6nemi!"},"content":{"rendered":"<div>S\u00fcper Lig gruplar\u0131ndan Konyaspor,\u00a0 \u00c7a\u011fda\u015f Atan ile yollar\u0131n\u0131n ayr\u0131lmas\u0131 \u00fczerinde vazifeye eski teknik i\u015fvereni \u0130lhan Palut&#8217;u getirdi\u011fini a\u00e7\u0131klad\u0131. <\/p>\n<div> Kul\u00fcb\u00fcn toplumsal medya hesaplar\u0131ndan yap\u0131lan payla\u015f\u0131m\u0131nda bas\u0131n s\u00f6zc\u00fcs\u00fc Cnegiz Y\u00f6net, &#8220;Kul\u00fcp liderimiz Say\u0131n \u00d6mer Atiker ve ilgili konseyimiz, Say\u0131n \u0130lhan Palut ile ger\u00e7ekle\u015ftirdi\u011fi g\u00f6r\u00fc\u015fmeler sonucunda kendisinin T\u00dcMOSAN Konyaspor Teknik Y\u00f6neticili\u011fi misyonuna getirilmesi konusunda prensipte anla\u015fm\u0131\u015flard\u0131r. Resmi kontrat bug\u00fcn imzalanacak ve kamuoyuyla payla\u015f\u0131lacakt\u0131r.&#8221; s\u00f6zlerini kulland\u0131.<\/p>\n<p><strong>KONYASPOR KARNES\u0130<\/p>\n<p><\/strong>Tecr\u00fcbeli \u00e7al\u0131\u015ft\u0131r\u0131c\u0131 birinci devrine vazifeye 10 \u015eubat 2021&#8217;de ba\u015flay\u0131p, 17 Ocak 2023&#8217;de ayr\u0131lmak zorunda kald\u0131.<\/p>\n<div>Bu periyotta Konyaspor&#8217;un ba\u015f\u0131nda 81 gayrete \u00e7\u0131kan Palut, bu gayretlerde 1.64 puan ortalamas\u0131 yakalam\u0131\u015ft\u0131.<\/div>\n<\/p><\/div>\n<div>\u00a0<\/div>\n<\/div>\n","protected":false},"excerpt":{"rendered":"<p>Trendyol S\u00fcper Lig tak\u0131mlar\u0131ndan Konyaspor&#8217;da bas\u0131n s\u00f6zc\u00fcz\u00fc Cengiz Y\u00f6net, teknik y\u00f6netici \u0130lhan Palut ile prensip muahedesine var\u0131ld\u0131\u011f\u0131n\u0131 duyurdu.<\/p>\n","protected":false},"author":1,"featured_media":57465,"comment_status":"open","ping_status":"open","sticky":false,"template":"","format":"standard","meta":{"footnotes":""},"categories":[25],"tags":[],"class_list":["post-57464","post","type-post","status-publish","format-standard","has-post-thumbnail","hentry","category-futbol"],"_links":{"self":[{"href":"https:\/\/haberbesiktas.tr\/index.php?rest_route=\/wp\/v2\/posts\/57464","targetHints":{"allow":["GET"]}}],"collection":[{"href":"https:\/\/haberbesiktas.tr\/index.php?rest_route=\/wp\/v2\/posts"}],"about":[{"href":"https:\/\/haberbesiktas.tr\/index.php?rest_route=\/wp\/v2\/types\/post"}],"author":[{"embeddable":true,"href":"https:\/\/haberbesiktas.tr\/index.php?rest_route=\/wp\/v2\/users\/1"}],"replies":[{"embeddable":true,"href":"https:\/\/haberbesiktas.tr\/index.php?rest_route=%2Fwp%2Fv2%2Fcomments&post=57464"}],"version-history":[{"count":1,"href":"https:\/\/haberbesiktas.tr\/index.php?rest_route=\/wp\/v2\/posts\/57464\/revisions"}],"predecessor-version":[{"id":57466,"href":"https:\/\/haberbesiktas.tr\/index.php?rest_route=\/wp\/v2\/posts\/57464\/revisions\/57466"}],"wp:featuredmedia":[{"embeddable":true,"href":"https:\/\/haberbesiktas.tr\/index.php?rest_route=\/wp\/v2\/media\/57465"}],"wp:attachment":[{"href":"https:\/\/haberbesiktas.tr\/index.php?rest_route=%2Fwp%2Fv2%2Fmedia&parent=57464"}],"wp:term":[{"taxonomy":"category","embeddable":true,"href":"https:\/\/haberbesiktas.tr\/index.php?rest_route=%2Fwp%2Fv2%2Fcategories&post=57464"},{"taxonomy":"post_tag","embeddable":true,"href":"https:\/\/haberbesiktas.tr\/index.php?rest_route=%2Fwp%2Fv2%2Ftags&post=57464"}],"curies":[{"name":"wp","href":"https:\/\/api.w.org\/{rel}","templated":true}]}}