{"id":57467,"date":"2026-02-06T23:12:06","date_gmt":"2026-02-06T23:12:06","guid":{"rendered":"https:\/\/haberbesiktas.tr\/?p=57467"},"modified":"2026-02-06T23:12:06","modified_gmt":"2026-02-06T23:12:06","slug":"trabzonsporun-aral-simsir-icin-yaptigi-teklife-ret","status":"publish","type":"post","link":"https:\/\/haberbesiktas.tr\/?p=57467","title":{"rendered":"Trabzonspor&#8217;un Aral \u015eim\u015fir i\u00e7in yapt\u0131\u011f\u0131 teklife ret!"},"content":{"rendered":"<div>\n<p>Trabzonspor&#8217;un, FC Midtjylland formas\u0131 giyen<strong> Aral \u015eim\u015fir<\/strong> i\u00e7in yapt\u0131\u011f\u0131 te\u015febb\u00fcsten olumsuz cevap geldi.\u00a0<\/p>\n<p> <em><span><strong>Ya\u011f\u0131z Sabuncuo\u011flu&#8217;nun haberine nazaran;<\/strong> <\/span><\/em>bordo-mavililerin Aral \u015eim\u015fir i\u00e7in FC Midtjylland&#8217;a sundu\u011fu son resmi teklif reddedildi. Taraflar ortas\u0131nda g\u00f6r\u00fc\u015fmelerin s\u00fcrd\u00fc\u011f\u00fc fakat Danimarka grubunun oyuncu i\u00e7in geri ad\u0131m atmad\u0131\u011f\u0131 belirtildi.<\/p>\n<p> <strong>P\u0130YASA KIYMET\u0130 VE S\u00d6ZLE\u015eMES\u0130<\/strong><\/p>\n<p> \u015eimdiki piyasa bedeli 6 milyon euro olarak g\u00f6sterilen Aral \u015eim\u015fir&#8217;in, Danimarka tak\u0131m\u0131yla olan kontrat\u0131 2029 y\u0131l\u0131na kadar devam ediyor.<\/p>\n<p> <strong>PERFORMANSI<\/strong><\/p>\n<p> Trabzonspor&#8217;un transfer g\u00fcndeminde yer alan 23 ya\u015f\u0131ndaki futbolcu, bu d\u00f6nem FC Midtjylland formas\u0131yla 35 ma\u00e7ta m\u00fchlet al\u0131rken 8 gol ve 15 asistlik performans sergiledi.<\/p>\n<\/div>\n","protected":false},"excerpt":{"rendered":"<p>Trabzonspor&#8217;un FC Midtjylland formas\u0131 giyen Aral \u015eim\u015fir i\u00e7in yapt\u0131\u011f\u0131 son teklif reddedildi.<\/p>\n","protected":false},"author":1,"featured_media":57468,"comment_status":"open","ping_status":"open","sticky":false,"template":"","format":"standard","meta":{"footnotes":""},"categories":[25],"tags":[],"class_list":["post-57467","post","type-post","status-publish","format-standard","has-post-thumbnail","hentry","category-futbol"],"_links":{"self":[{"href":"https:\/\/haberbesiktas.tr\/index.php?rest_route=\/wp\/v2\/posts\/57467","targetHints":{"allow":["GET"]}}],"collection":[{"href":"https:\/\/haberbesiktas.tr\/index.php?rest_route=\/wp\/v2\/posts"}],"about":[{"href":"https:\/\/haberbesiktas.tr\/index.php?rest_route=\/wp\/v2\/types\/post"}],"author":[{"embeddable":true,"href":"https:\/\/haberbesiktas.tr\/index.php?rest_route=\/wp\/v2\/users\/1"}],"replies":[{"embeddable":true,"href":"https:\/\/haberbesiktas.tr\/index.php?rest_route=%2Fwp%2Fv2%2Fcomments&post=57467"}],"version-history":[{"count":1,"href":"https:\/\/haberbesiktas.tr\/index.php?rest_route=\/wp\/v2\/posts\/57467\/revisions"}],"predecessor-version":[{"id":57469,"href":"https:\/\/haberbesiktas.tr\/index.php?rest_route=\/wp\/v2\/posts\/57467\/revisions\/57469"}],"wp:featuredmedia":[{"embeddable":true,"href":"https:\/\/haberbesiktas.tr\/index.php?rest_route=\/wp\/v2\/media\/57468"}],"wp:attachment":[{"href":"https:\/\/haberbesiktas.tr\/index.php?rest_route=%2Fwp%2Fv2%2Fmedia&parent=57467"}],"wp:term":[{"taxonomy":"category","embeddable":true,"href":"https:\/\/haberbesiktas.tr\/index.php?rest_route=%2Fwp%2Fv2%2Fcategories&post=57467"},{"taxonomy":"post_tag","embeddable":true,"href":"https:\/\/haberbesiktas.tr\/index.php?rest_route=%2Fwp%2Fv2%2Ftags&post=57467"}],"curies":[{"name":"wp","href":"https:\/\/api.w.org\/{rel}","templated":true}]}}