{"id":57473,"date":"2026-02-06T23:36:06","date_gmt":"2026-02-06T23:36:06","guid":{"rendered":"https:\/\/haberbesiktas.tr\/?p=57473"},"modified":"2026-02-06T23:36:06","modified_gmt":"2026-02-06T23:36:06","slug":"tff-ve-kuluplerden-anma-mesaji","status":"publish","type":"post","link":"https:\/\/haberbesiktas.tr\/?p=57473","title":{"rendered":"TFF ve kul\u00fcplerden anma mesaj\u0131!"},"content":{"rendered":"<div>T\u00fcrkiye Futbol Federasyonu ve spor kul\u00fcpleri, Kahramanmara\u015f merkezli 6 \u015eubat 2023&#8217;teki sars\u0131nt\u0131larda hayat\u0131n\u0131 kaybeden vatanda\u015flar i\u00e7in anma bildirisi yay\u0131mlad\u0131.<br \/> Federasyonun internet sitesinden yay\u0131mlanan iletide, <strong>&#8220;6 \u015eubat 2023 tarihinde merkez \u00fcss\u00fc Kahramanmara\u015f olan ve 11 vilayetimizde y\u0131k\u0131c\u0131 izler b\u0131rakarak \u00fclkemizi yasa bo\u011fan sars\u0131nt\u0131 felaketinin 3. y\u0131l d\u00f6n\u00fcm\u00fcnde, hayat\u0131n\u0131 kaybeden vatanda\u015flar\u0131m\u0131za bir sefer daha Allah&#8217;tan rahmet; kederli ailelerine, yak\u0131nlar\u0131na ve aziz milletimize ba\u015fsa\u011fl\u0131\u011f\u0131 diliyoruz.&#8221;<\/strong> s\u00f6zleri kullan\u0131ld\u0131.<\/p>\n<p> Be\u015fikta\u015f Kul\u00fcb\u00fcn\u00fcn payla\u015f\u0131m\u0131nda,<strong> &#8220;Unutmad\u0131k. Unutmayaca\u011f\u0131z. 6 \u015eubat Kahramanmara\u015f sars\u0131nt\u0131lar\u0131nda yitirdi\u011fimiz canlar\u0131m\u0131z\u0131 rahmetle an\u0131yoruz. Bu tarifsiz ac\u0131lar\u0131n bir daha ya\u015fanmamas\u0131n\u0131 temenni ediyoruz.&#8221;<\/strong> denildi.<\/p>\n<p> Fenerbah\u00e7e Kul\u00fcb\u00fcn\u00fcn yay\u0131mlad\u0131\u011f\u0131 iletide \u015fu tabirlere yer verildi:<\/p>\n<p> <strong>&#8220;6 \u015eubat sars\u0131nt\u0131 felaketinde hayat\u0131n\u0131 kaybeden vatanda\u015flar\u0131m\u0131z\u0131 rahmet ve hasretle an\u0131yor; yak\u0131nlar\u0131na ve t\u00fcm \u00fclkemize sab\u0131r ve ba\u015fsa\u011fl\u0131\u011f\u0131 diliyoruz. Unutmad\u0131k, unutmayaca\u011f\u0131z.&#8221;<\/strong><\/p>\n<p> Galatasaray Kul\u00fcb\u00fcn\u00fcn anma iletisinde, <strong>&#8220;Y\u00fcreklerimizin yand\u0131\u011f\u0131 gecenin \u00fczerinden tam \u00fc\u00e7 y\u0131l ge\u00e7ti\u2026 6 \u015eubat Kahramanmara\u015f zelzelelerinin y\u0131l d\u00f6n\u00fcm\u00fcnde hayat\u0131n\u0131 kaybedenlere Allah&#8217;tan rahmet, yak\u0131nlar\u0131na sonsuz sab\u0131r diliyoruz. Galatasaray toplulu\u011fu olarak her vakit yan\u0131n\u0131zda olmaya devam edece\u011fiz.&#8221;<\/strong> denildi.<\/p>\n<p> Trabzonspor Kul\u00fcb\u00fcn\u00fcn yay\u0131mlad\u0131\u011f\u0131 payla\u015f\u0131mda ise \u015funlar kaydedildi:<\/p>\n<p> <strong>&#8220;6 \u015eubat 2023&#8217;te meydana gelen ve \u00fclkemizi derin bir yasa s\u00fcr\u00fckleyen sars\u0131nt\u0131n\u0131n y\u0131l d\u00f6n\u00fcm\u00fcnde hayat\u0131n\u0131 kaybeden vatanda\u015flar\u0131m\u0131z\u0131 rahmetle an\u0131yor; ailelerine ve yak\u0131nlar\u0131na sab\u0131r diliyoruz. Sars\u0131nt\u0131dan etkilenen t\u00fcm vatanda\u015flar\u0131m\u0131za bir defa daha ge\u00e7mi\u015f olsun dileklerimizi iletiyor, benzeri ac\u0131lar\u0131n bir daha ya\u015fanmamas\u0131n\u0131 temenni ediyoruz.&#8221;<\/p>\n<p><\/strong><\/p>\n<\/div>\n","protected":false},"excerpt":{"rendered":"<p>T\u00fcrkiye Futbol Federasyonu ve spor kul\u00fcpleri, Kahramanmara\u015f merkezli 6 \u015eubat 2023&#8217;teki zelzelelerde hayat\u0131n\u0131 kaybeden vatanda\u015flar i\u00e7in anma iletisi yay\u0131mlad\u0131.<\/p>\n","protected":false},"author":1,"featured_media":57474,"comment_status":"open","ping_status":"open","sticky":false,"template":"","format":"standard","meta":{"footnotes":""},"categories":[25],"tags":[4096,576,4099,4097,4098],"class_list":["post-57473","post","type-post","status-publish","format-standard","has-post-thumbnail","hentry","category-futbol","tag-6-subat","tag-deprem","tag-hayatini-kaybeden","tag-rahmet","tag-vatandaslar"],"_links":{"self":[{"href":"https:\/\/haberbesiktas.tr\/index.php?rest_route=\/wp\/v2\/posts\/57473","targetHints":{"allow":["GET"]}}],"collection":[{"href":"https:\/\/haberbesiktas.tr\/index.php?rest_route=\/wp\/v2\/posts"}],"about":[{"href":"https:\/\/haberbesiktas.tr\/index.php?rest_route=\/wp\/v2\/types\/post"}],"author":[{"embeddable":true,"href":"https:\/\/haberbesiktas.tr\/index.php?rest_route=\/wp\/v2\/users\/1"}],"replies":[{"embeddable":true,"href":"https:\/\/haberbesiktas.tr\/index.php?rest_route=%2Fwp%2Fv2%2Fcomments&post=57473"}],"version-history":[{"count":1,"href":"https:\/\/haberbesiktas.tr\/index.php?rest_route=\/wp\/v2\/posts\/57473\/revisions"}],"predecessor-version":[{"id":57475,"href":"https:\/\/haberbesiktas.tr\/index.php?rest_route=\/wp\/v2\/posts\/57473\/revisions\/57475"}],"wp:featuredmedia":[{"embeddable":true,"href":"https:\/\/haberbesiktas.tr\/index.php?rest_route=\/wp\/v2\/media\/57474"}],"wp:attachment":[{"href":"https:\/\/haberbesiktas.tr\/index.php?rest_route=%2Fwp%2Fv2%2Fmedia&parent=57473"}],"wp:term":[{"taxonomy":"category","embeddable":true,"href":"https:\/\/haberbesiktas.tr\/index.php?rest_route=%2Fwp%2Fv2%2Fcategories&post=57473"},{"taxonomy":"post_tag","embeddable":true,"href":"https:\/\/haberbesiktas.tr\/index.php?rest_route=%2Fwp%2Fv2%2Ftags&post=57473"}],"curies":[{"name":"wp","href":"https:\/\/api.w.org\/{rel}","templated":true}]}}