{"id":57476,"date":"2026-02-06T23:48:06","date_gmt":"2026-02-06T23:48:06","guid":{"rendered":"https:\/\/haberbesiktas.tr\/?p=57476"},"modified":"2026-02-06T23:48:06","modified_gmt":"2026-02-06T23:48:06","slug":"trabzonspor-karlsbakk-dosyasini-kapadi","status":"publish","type":"post","link":"https:\/\/haberbesiktas.tr\/?p=57476","title":{"rendered":"Trabzonspor, Karlsbakk dosyas\u0131n\u0131 kapad\u0131!"},"content":{"rendered":"<div>\n<p>Trabzonspor&#8217;un bir m\u00fcddettir g\u00fcndeminde yer alan Norve\u00e7li forvet<strong> Daniel Karlsbakk<\/strong> i\u00e7in y\u00fcr\u00fct\u00fclen transfer g\u00f6r\u00fcsmeleri k\u0131ymetli bir evreye kadar gelse de s\u00fcre\u00e7 tamamlanamad\u0131. <\/p>\n<p>Bordo-Mavililer&#8217;in Sarpsborg ile yapt\u0131g\u0131 temaslarda prensip muahedesine var\u0131ld\u0131g\u0131, lakin son ayr\u0131nt\u0131larda yasanan p\u00fcr\u00fczler nedeniyle transferin sonu\u00e7lanmad\u0131g\u0131 \u00f6grenildi.<\/p>\n<p> <strong>ANLA\u015eMA OLMADI\u00a0<\/strong><\/p>\n<p> Norve\u00e7 Ligi&#8217;nde ge\u00e7tigimiz d\u00f6nem gol krall\u0131g\u0131 yasayan gen\u00e7 golc\u00fc i\u00e7in Trabzonspor&#8217;un \u00f6nemli bir teklif sundugu ve toplam maliyetin 8.5 milyon euro d\u00fczeyine ulast\u0131g\u0131 s\u00f6z edilmisti. Taraflar\u0131n muahedeye yak\u0131n oldugu s\u00fcre\u00e7te, transferin k\u0131sa m\u00fcddette tamamlanmas\u0131 bekleniyordu. Fakat g\u00f6r\u00fcsmelerin uzamas\u0131 ve Trabzonspor&#8217;un tak\u0131m planlamas\u0131nda yasanan kah\u0131rlar s\u00fcrecin rafa kalkmas\u0131na yol a\u00e7t\u0131.<\/p>\n<p> Trabzonspor, Karlsbakk evrak\u0131 s\u00fcrerken forvet \u00e7izgisine Umut Nay\u0131r deste\u011fini yapt\u0131. \u00d6te yandan Felipe Augusto i\u00e7in planlanan ayr\u0131l\u0131k ger\u00e7eklesmeyince atak \u00e7izgisindeki tablo degisti. Bu gelismeler de transfer s\u00fcrecinin uzamas\u0131nda tesirli oldu. <\/p>\n<p>Taraflar da s\u00fcrecin daha fazla belirsizlik yaratmamas\u0131 ismine kars\u0131l\u0131kl\u0131 olarak g\u00f6r\u00fcsmeleri sonland\u0131rma karar\u0131 ald\u0131.<\/p>\n<\/div>\n","protected":false},"excerpt":{"rendered":"<p>Trabzonspor&#8217;un Daniel Karlsbakk transferi, son ayr\u0131nt\u0131larda ya\u015fanan p\u00fcr\u00fczler nedeniyle tamamlanamad\u0131. Bordo-mavililer ile Sarpsborg ortas\u0131ndaki g\u00f6r\u00fc\u015fmeler kar\u015f\u0131l\u0131kl\u0131 olarak sona erdi.<\/p>\n","protected":false},"author":1,"featured_media":57477,"comment_status":"open","ping_status":"open","sticky":false,"template":"","format":"standard","meta":{"footnotes":""},"categories":[25],"tags":[],"class_list":["post-57476","post","type-post","status-publish","format-standard","has-post-thumbnail","hentry","category-futbol"],"_links":{"self":[{"href":"https:\/\/haberbesiktas.tr\/index.php?rest_route=\/wp\/v2\/posts\/57476","targetHints":{"allow":["GET"]}}],"collection":[{"href":"https:\/\/haberbesiktas.tr\/index.php?rest_route=\/wp\/v2\/posts"}],"about":[{"href":"https:\/\/haberbesiktas.tr\/index.php?rest_route=\/wp\/v2\/types\/post"}],"author":[{"embeddable":true,"href":"https:\/\/haberbesiktas.tr\/index.php?rest_route=\/wp\/v2\/users\/1"}],"replies":[{"embeddable":true,"href":"https:\/\/haberbesiktas.tr\/index.php?rest_route=%2Fwp%2Fv2%2Fcomments&post=57476"}],"version-history":[{"count":1,"href":"https:\/\/haberbesiktas.tr\/index.php?rest_route=\/wp\/v2\/posts\/57476\/revisions"}],"predecessor-version":[{"id":57478,"href":"https:\/\/haberbesiktas.tr\/index.php?rest_route=\/wp\/v2\/posts\/57476\/revisions\/57478"}],"wp:featuredmedia":[{"embeddable":true,"href":"https:\/\/haberbesiktas.tr\/index.php?rest_route=\/wp\/v2\/media\/57477"}],"wp:attachment":[{"href":"https:\/\/haberbesiktas.tr\/index.php?rest_route=%2Fwp%2Fv2%2Fmedia&parent=57476"}],"wp:term":[{"taxonomy":"category","embeddable":true,"href":"https:\/\/haberbesiktas.tr\/index.php?rest_route=%2Fwp%2Fv2%2Fcategories&post=57476"},{"taxonomy":"post_tag","embeddable":true,"href":"https:\/\/haberbesiktas.tr\/index.php?rest_route=%2Fwp%2Fv2%2Ftags&post=57476"}],"curies":[{"name":"wp","href":"https:\/\/api.w.org\/{rel}","templated":true}]}}