{"id":57482,"date":"2026-02-07T00:12:06","date_gmt":"2026-02-07T00:12:06","guid":{"rendered":"https:\/\/haberbesiktas.tr\/?p=57482"},"modified":"2026-02-07T00:12:06","modified_gmt":"2026-02-07T00:12:06","slug":"fenerbahcenin-kante-transferi-limitleri-asmadi","status":"publish","type":"post","link":"https:\/\/haberbesiktas.tr\/?p=57482","title":{"rendered":"Fenerbah\u00e7e&#8217;nin Kante transferi limitleri a\u015fmad\u0131!"},"content":{"rendered":"<div>\n<p>T\u00fcrkiye Futbol Federasyonu&#8217;nun a\u00e7\u0131klad\u0131\u011f\u0131 6,2 milyar TL harcama limitine kar\u015f\u0131n Fenerbah\u00e7e&#8217;nin orta transfer periyodunda Musaba, Guendouzi, Mert, Cherif ve son olarak N&#8217;Golo Kante transferlerini nas\u0131l ger\u00e7ekle\u015ftirdi\u011fi kamuoyunda merak konusu oldu.\u00a0<\/p>\n<p> Hatta Galatasaray Teknik Y\u00f6neticisi Okan Buruk da ge\u00e7ti\u011fimiz g\u00fcnlerde yapt\u0131\u011f\u0131 a\u00e7\u0131klamada, harcama limiti a\u015f\u0131m\u0131 nedeniyle ceza alan kul\u00fcpler bulundu\u011funu hat\u0131rlatm\u0131\u015ft\u0131.<\/p>\n<p> <strong>GEL\u0130RLER DENGEY\u0130 SA\u011eLADI<\/strong><\/p>\n<p> Sar\u0131-lacivertliler, orta transfer devrinde de\u011ferli bir gelir kalemi olu\u015fturdu. Fenerbah\u00e7e;<\/p>\n<p> &#8211; Y<strong>oussef En-Nesyri<\/strong>&#8216;nin sat\u0131\u015f\u0131ndan 15 milyon Euro,<\/p>\n<p> &#8211; <strong>Sebastian Szymanski&#8217;<\/strong>den 10 milyon Euro bonservis geliri elde etti.<\/p>\n<p> <strong>Bunun yan\u0131 s\u0131ra;\u00a0<\/strong><\/p>\n<p> &#8211; <strong>Dominik Livakovic<\/strong>&#8216;ten 400 bin Euro,<\/p>\n<p> &#8211; <strong>\u0130rfan Can Kahveci<\/strong>&#8216;den 300 bin Euro,<\/p>\n<p> &#8211; <strong>Rodrigo Becao<\/strong>&#8216;dan ise 400 bin Euro kiralama bedeli kazan\u0131ld\u0131.<\/p>\n<p> &#8211; Ayr\u0131ca<strong> Jhon Duran&#8217;<\/strong>\u0131n Zenit&#8217;e gitmesiyle birlikte oyuncunun maa\u015f y\u00fck\u00fcnden de kurtulundu.<\/p>\n<p> <strong>HARCAMA L\u0130M\u0130T\u0130 Y\u00dcKSELD\u0130<\/strong><\/p>\n<p> Fenerbah\u00e7e&#8217;nin ger\u00e7ekle\u015ftirdi\u011fi sermaye art\u0131r\u0131m\u0131 sonras\u0131 Bankalar Birli\u011fi mutabakat\u0131ndan \u00e7\u0131kmas\u0131, kul\u00fcb\u00fcn bor\u00e7 y\u00fck\u00fcn\u00fc k\u0131ymetli \u00f6l\u00e7\u00fcde azaltt\u0131. Bu geli\u015fmenin akabinde sar\u0131-lacivertlilerin harcama limiti de \u00fcst \u00e7ekildi.<\/p>\n<\/div>\n","protected":false},"excerpt":{"rendered":"<p>Son olarak N&#8217;Golo Kante&#8217;yi transfer eden Fenerbah\u00e7e, sermaye art\u0131r\u0131m\u0131 sonras\u0131 Bankalar Birli\u011fi&#8217;nden \u00e7\u0131kt\u0131\u011f\u0131 i\u00e7in TFF&#8217;nin belirledi\u011fi harcama limiti ile ilgili sorun ya\u015famad\u0131.<\/p>\n","protected":false},"author":1,"featured_media":57483,"comment_status":"open","ping_status":"open","sticky":false,"template":"","format":"standard","meta":{"footnotes":""},"categories":[25],"tags":[1237],"class_list":["post-57482","post","type-post","status-publish","format-standard","has-post-thumbnail","hentry","category-futbol","tag-euro"],"_links":{"self":[{"href":"https:\/\/haberbesiktas.tr\/index.php?rest_route=\/wp\/v2\/posts\/57482","targetHints":{"allow":["GET"]}}],"collection":[{"href":"https:\/\/haberbesiktas.tr\/index.php?rest_route=\/wp\/v2\/posts"}],"about":[{"href":"https:\/\/haberbesiktas.tr\/index.php?rest_route=\/wp\/v2\/types\/post"}],"author":[{"embeddable":true,"href":"https:\/\/haberbesiktas.tr\/index.php?rest_route=\/wp\/v2\/users\/1"}],"replies":[{"embeddable":true,"href":"https:\/\/haberbesiktas.tr\/index.php?rest_route=%2Fwp%2Fv2%2Fcomments&post=57482"}],"version-history":[{"count":1,"href":"https:\/\/haberbesiktas.tr\/index.php?rest_route=\/wp\/v2\/posts\/57482\/revisions"}],"predecessor-version":[{"id":57484,"href":"https:\/\/haberbesiktas.tr\/index.php?rest_route=\/wp\/v2\/posts\/57482\/revisions\/57484"}],"wp:featuredmedia":[{"embeddable":true,"href":"https:\/\/haberbesiktas.tr\/index.php?rest_route=\/wp\/v2\/media\/57483"}],"wp:attachment":[{"href":"https:\/\/haberbesiktas.tr\/index.php?rest_route=%2Fwp%2Fv2%2Fmedia&parent=57482"}],"wp:term":[{"taxonomy":"category","embeddable":true,"href":"https:\/\/haberbesiktas.tr\/index.php?rest_route=%2Fwp%2Fv2%2Fcategories&post=57482"},{"taxonomy":"post_tag","embeddable":true,"href":"https:\/\/haberbesiktas.tr\/index.php?rest_route=%2Fwp%2Fv2%2Ftags&post=57482"}],"curies":[{"name":"wp","href":"https:\/\/api.w.org\/{rel}","templated":true}]}}