{"id":57488,"date":"2026-02-07T00:36:08","date_gmt":"2026-02-07T00:36:08","guid":{"rendered":"https:\/\/haberbesiktas.tr\/?p=57488"},"modified":"2026-02-07T00:36:08","modified_gmt":"2026-02-07T00:36:08","slug":"besiktasta-kaleye-son-aday-illan-meslier","status":"publish","type":"post","link":"https:\/\/haberbesiktas.tr\/?p=57488","title":{"rendered":"Be\u015fikta\u015f&#8217;ta kaleye son aday Illan Meslier!"},"content":{"rendered":"<div>\n<p>Ara transfer devrinin son g\u00fcn\u00fcne girilirken Be\u015fikta\u015f&#8217;ta kaleci transferi g\u00fcndemin birinci s\u0131ras\u0131na yerle\u015fti. Mert G\u00fcnok&#8217;un kadrodan ayr\u0131lmas\u0131 ve Ersin Destano\u011flu&#8217;nun ini\u015fli \u00e7\u0131k\u0131\u015fl\u0131 performans\u0131 sonras\u0131 siyah-beyazl\u0131 idare, bu b\u00f6lgeye net bir destek yapma karar\u0131 ald\u0131.<\/p>\n<p> Siyah-beyazl\u0131lar, Leeds United formas\u0131 giyen 25 ya\u015f\u0131ndaki Frans\u0131z kaleci<strong> Illan Meslier<\/strong>&#8216;i transfer listesinin birinci s\u0131ras\u0131na koydu. Be\u015fikta\u015f&#8217;\u0131n, t\u0131pk\u0131 kul\u00fcpte forma giyen Brezilyal\u0131 kaleci Lucas Perri ile de temaslar\u0131n\u0131 s\u00fcrd\u00fcrd\u00fc\u011f\u00fc, lakin \u00f6nceli\u011fin Meslier oldu\u011fu \u00f6\u011frenildi.<\/p>\n<p> <strong>ANLA\u015eMAYI B\u0130T\u0130RMEK \u0130ST\u0130YORLAR<\/strong><\/p>\n<p> Transferi sonu\u00e7land\u0131rmak isteyen Be\u015fikta\u015f idaresi, Leeds United ile g\u00f6r\u00fc\u015fmelerini s\u0131kla\u015ft\u0131rd\u0131. Siyah-beyazl\u0131lar\u0131n, son 24 saatlik s\u00fcre\u00e7te muahedeye varmay\u0131 hedefledi\u011fi tabir ediliyor.<\/p>\n<p> \u00d6te yandan Be\u015fikta\u015f&#8217;\u0131n, Santos formas\u0131 giyen Gabriel Brazao i\u00e7in de nab\u0131z yoklad\u0131\u011f\u0131, fakat Brezilya kul\u00fcb\u00fcn\u00fcn y\u00fcksek bonservis talebi nedeniyle bu transferin \u015fu etapta s\u0131k\u0131nt\u0131 g\u00f6r\u00fcnd\u00fc\u011f\u00fc belirtildi.<\/p>\n<p> <strong>SEZON KARNES\u0130<\/strong><\/p>\n<p> Illan Meslier, bu d\u00f6nem Leeds United formas\u0131yla \u015fimdi resmi bir ma\u00e7ta m\u00fchlet almad\u0131.<\/p>\n<\/div>\n","protected":false},"excerpt":{"rendered":"<p>Be\u015fikta\u015f, kaleci transferinde Leeds United formas\u0131 giyen Illan Meslier&#8217;yi birinci maksat yapt\u0131. Siyah-beyazl\u0131lar, transferi son 24 saatte bitirmeyi planl\u0131yor.<\/p>\n","protected":false},"author":1,"featured_media":57489,"comment_status":"open","ping_status":"open","sticky":false,"template":"","format":"standard","meta":{"footnotes":""},"categories":[25],"tags":[48],"class_list":["post-57488","post","type-post","status-publish","format-standard","has-post-thumbnail","hentry","category-futbol","tag-transfer"],"_links":{"self":[{"href":"https:\/\/haberbesiktas.tr\/index.php?rest_route=\/wp\/v2\/posts\/57488","targetHints":{"allow":["GET"]}}],"collection":[{"href":"https:\/\/haberbesiktas.tr\/index.php?rest_route=\/wp\/v2\/posts"}],"about":[{"href":"https:\/\/haberbesiktas.tr\/index.php?rest_route=\/wp\/v2\/types\/post"}],"author":[{"embeddable":true,"href":"https:\/\/haberbesiktas.tr\/index.php?rest_route=\/wp\/v2\/users\/1"}],"replies":[{"embeddable":true,"href":"https:\/\/haberbesiktas.tr\/index.php?rest_route=%2Fwp%2Fv2%2Fcomments&post=57488"}],"version-history":[{"count":1,"href":"https:\/\/haberbesiktas.tr\/index.php?rest_route=\/wp\/v2\/posts\/57488\/revisions"}],"predecessor-version":[{"id":57490,"href":"https:\/\/haberbesiktas.tr\/index.php?rest_route=\/wp\/v2\/posts\/57488\/revisions\/57490"}],"wp:featuredmedia":[{"embeddable":true,"href":"https:\/\/haberbesiktas.tr\/index.php?rest_route=\/wp\/v2\/media\/57489"}],"wp:attachment":[{"href":"https:\/\/haberbesiktas.tr\/index.php?rest_route=%2Fwp%2Fv2%2Fmedia&parent=57488"}],"wp:term":[{"taxonomy":"category","embeddable":true,"href":"https:\/\/haberbesiktas.tr\/index.php?rest_route=%2Fwp%2Fv2%2Fcategories&post=57488"},{"taxonomy":"post_tag","embeddable":true,"href":"https:\/\/haberbesiktas.tr\/index.php?rest_route=%2Fwp%2Fv2%2Ftags&post=57488"}],"curies":[{"name":"wp","href":"https:\/\/api.w.org\/{rel}","templated":true}]}}