{"id":57519,"date":"2026-02-07T02:48:05","date_gmt":"2026-02-07T02:48:05","guid":{"rendered":"https:\/\/haberbesiktas.tr\/?p=57519"},"modified":"2026-02-07T02:48:05","modified_gmt":"2026-02-07T02:48:05","slug":"konyaspor-ilhan-palutu-acikladi","status":"publish","type":"post","link":"https:\/\/haberbesiktas.tr\/?p=57519","title":{"rendered":"Konyaspor, \u0130lhan Palut&#8217;u a\u00e7\u0131klad\u0131!"},"content":{"rendered":"<div>\n<p>Konyaspor, \u00c7a\u011fda\u015f Atan&#8217;dan bo\u015falan teknik y\u00f6neticilik vazifesine \u0130lhan Palut&#8217;un getirildi\u011fini a\u00e7\u0131klad\u0131.<\/p>\n<p> <strong>1116 G\u00dcN SONRA KONYASPOR&#8217;A GER\u0130 D\u00d6ND\u00dc<\/strong><\/p>\n<p> 29 Kas\u0131m 2025&#8217;te \u00c7aykur Rizespor&#8217;daki misyonundan ayr\u0131lan \u0130lhan Palut, 69 g\u00fcn sonra Harika Lig&#8217;e geri d\u00f6nd\u00fc.<\/p>\n<p> Ayr\u0131yeten Palut, 10 \u015eubat 2021&#8217;den 17 Ocak 2023&#8217;e kadar \u00e7al\u0131\u015ft\u0131rd\u0131\u011f\u0131 Konyaspor&#8217;a da 3 y\u0131l 2 hafta ve toplamda 116 g\u00fcn sonra geri d\u00f6nm\u00fc\u015f oldu.<\/p>\n<p><strong>DETAYLAR B\u0130RAZDAN&#8230;<\/strong><\/p>\n<blockquote class=\"twitter-tweet\" data-width=\"500\" data-dnt=\"true\">\n<p lang=\"tr\" dir=\"ltr\">Konyaspor, teknik direkt\u00f6rl\u00fck g\u00f6revine \u0130lhan Palut&#39;un getirildi\u011fini a\u00e7\u0131klad\u0131.<a href=\"https:\/\/t.co\/6KrjKS9DYE\" rel=\"nofollow\">pic.twitter.com\/6KrjKS9DYE<\/a><\/p>\n<p>&mdash; Sporx (@sporx) <a href=\"https:\/\/twitter.com\/sporx\/status\/2019702499297677489?ref_src=twsrc%5Etfw\" rel=\"nofollow noopener\" target=\"_blank\">February 6, 2026<\/a><\/p><\/blockquote>\n<p><script async src=\"https:\/\/platform.twitter.com\/widgets.js\" charset=\"utf-8\"><\/script><\/p>\n<\/p><\/div>\n","protected":false},"excerpt":{"rendered":"<p>Konyaspor, teknik y\u00f6neticilik misyonuna \u0130lhan Palut&#8217;u getirdi. Tecr\u00fcbeli teknik adam, 69 g\u00fcn sonra Muhte\u015fem Lig&#8217;e geri d\u00f6nd\u00fc.<\/p>\n","protected":false},"author":1,"featured_media":57521,"comment_status":"open","ping_status":"open","sticky":false,"template":"","format":"standard","meta":{"footnotes":""},"categories":[25],"tags":[],"class_list":["post-57519","post","type-post","status-publish","format-standard","has-post-thumbnail","hentry","category-futbol"],"_links":{"self":[{"href":"https:\/\/haberbesiktas.tr\/index.php?rest_route=\/wp\/v2\/posts\/57519","targetHints":{"allow":["GET"]}}],"collection":[{"href":"https:\/\/haberbesiktas.tr\/index.php?rest_route=\/wp\/v2\/posts"}],"about":[{"href":"https:\/\/haberbesiktas.tr\/index.php?rest_route=\/wp\/v2\/types\/post"}],"author":[{"embeddable":true,"href":"https:\/\/haberbesiktas.tr\/index.php?rest_route=\/wp\/v2\/users\/1"}],"replies":[{"embeddable":true,"href":"https:\/\/haberbesiktas.tr\/index.php?rest_route=%2Fwp%2Fv2%2Fcomments&post=57519"}],"version-history":[{"count":1,"href":"https:\/\/haberbesiktas.tr\/index.php?rest_route=\/wp\/v2\/posts\/57519\/revisions"}],"predecessor-version":[{"id":57522,"href":"https:\/\/haberbesiktas.tr\/index.php?rest_route=\/wp\/v2\/posts\/57519\/revisions\/57522"}],"wp:featuredmedia":[{"embeddable":true,"href":"https:\/\/haberbesiktas.tr\/index.php?rest_route=\/wp\/v2\/media\/57521"}],"wp:attachment":[{"href":"https:\/\/haberbesiktas.tr\/index.php?rest_route=%2Fwp%2Fv2%2Fmedia&parent=57519"}],"wp:term":[{"taxonomy":"category","embeddable":true,"href":"https:\/\/haberbesiktas.tr\/index.php?rest_route=%2Fwp%2Fv2%2Fcategories&post=57519"},{"taxonomy":"post_tag","embeddable":true,"href":"https:\/\/haberbesiktas.tr\/index.php?rest_route=%2Fwp%2Fv2%2Ftags&post=57519"}],"curies":[{"name":"wp","href":"https:\/\/api.w.org\/{rel}","templated":true}]}}