{"id":57554,"date":"2026-02-07T06:00:05","date_gmt":"2026-02-07T06:00:05","guid":{"rendered":"https:\/\/haberbesiktas.tr\/?p=57554"},"modified":"2026-02-07T06:00:05","modified_gmt":"2026-02-07T06:00:05","slug":"besiktastan-kaleci-hamlesi-devis-vasquez","status":"publish","type":"post","link":"https:\/\/haberbesiktas.tr\/?p=57554","title":{"rendered":"Be\u015fikta\u015f&#8217;tan kaleci hamlesi: Devis Vasquez"},"content":{"rendered":"<div>\n<p>Be\u015fikta\u015f&#8217;ta transfer devrinin sona ermesine saatler kala kaleci transferi i\u00e7in fla\u015f bir arg\u00fcman ortaya at\u0131ld\u0131.<\/p>\n<p> Siyah-beyazl\u0131lar\u0131n, Roma formas\u0131 giyen<strong> Devis Vasquez<\/strong>&#8216;i sat\u0131n alma opsiyonlu kiral\u0131k olarak tak\u0131m\u0131na katmak \u00fczere oldu\u011fu belirtildi.<\/p>\n<p> <span><em><strong>Marco Conterio&#8217;nun haberine nazaran;<\/strong><\/em><\/span> Be\u015fikta\u015f ile Roma ortas\u0131nda yap\u0131lan g\u00f6r\u00fc\u015fmelerde muahedeye var\u0131lmas\u0131n\u0131n yak\u0131n oldu\u011fu s\u00f6z edildi.<\/p>\n<p> Ge\u00e7ti\u011fimiz yaz Roma&#8217;ya bonservissiz olarak gelen Kolombiyal\u0131 kaleci, \u015fu ana kadar Roma formas\u0131yla resmi bir ma\u00e7a \u00e7\u0131kmad\u0131.<\/p>\n<\/div>\n","protected":false},"excerpt":{"rendered":"<p>Be\u015fikta\u015f, Roma&#8217;n\u0131n 27 ya\u015f\u0131ndaki Kolombiyal\u0131 kalecisi Devis Vasquez&#8217;i opsiyonlu kiralamaya \u00e7ok yak\u0131n. Vasquez, Be\u015fikta\u015f&#8217;a imza atmaya haz\u0131r.<\/p>\n","protected":false},"author":1,"featured_media":57555,"comment_status":"open","ping_status":"open","sticky":false,"template":"","format":"standard","meta":{"footnotes":""},"categories":[25],"tags":[],"class_list":["post-57554","post","type-post","status-publish","format-standard","has-post-thumbnail","hentry","category-futbol"],"_links":{"self":[{"href":"https:\/\/haberbesiktas.tr\/index.php?rest_route=\/wp\/v2\/posts\/57554","targetHints":{"allow":["GET"]}}],"collection":[{"href":"https:\/\/haberbesiktas.tr\/index.php?rest_route=\/wp\/v2\/posts"}],"about":[{"href":"https:\/\/haberbesiktas.tr\/index.php?rest_route=\/wp\/v2\/types\/post"}],"author":[{"embeddable":true,"href":"https:\/\/haberbesiktas.tr\/index.php?rest_route=\/wp\/v2\/users\/1"}],"replies":[{"embeddable":true,"href":"https:\/\/haberbesiktas.tr\/index.php?rest_route=%2Fwp%2Fv2%2Fcomments&post=57554"}],"version-history":[{"count":1,"href":"https:\/\/haberbesiktas.tr\/index.php?rest_route=\/wp\/v2\/posts\/57554\/revisions"}],"predecessor-version":[{"id":57556,"href":"https:\/\/haberbesiktas.tr\/index.php?rest_route=\/wp\/v2\/posts\/57554\/revisions\/57556"}],"wp:featuredmedia":[{"embeddable":true,"href":"https:\/\/haberbesiktas.tr\/index.php?rest_route=\/wp\/v2\/media\/57555"}],"wp:attachment":[{"href":"https:\/\/haberbesiktas.tr\/index.php?rest_route=%2Fwp%2Fv2%2Fmedia&parent=57554"}],"wp:term":[{"taxonomy":"category","embeddable":true,"href":"https:\/\/haberbesiktas.tr\/index.php?rest_route=%2Fwp%2Fv2%2Fcategories&post=57554"},{"taxonomy":"post_tag","embeddable":true,"href":"https:\/\/haberbesiktas.tr\/index.php?rest_route=%2Fwp%2Fv2%2Ftags&post=57554"}],"curies":[{"name":"wp","href":"https:\/\/api.w.org\/{rel}","templated":true}]}}