{"id":57557,"date":"2026-02-07T06:12:04","date_gmt":"2026-02-07T06:12:04","guid":{"rendered":"https:\/\/haberbesiktas.tr\/?p=57557"},"modified":"2026-02-07T06:12:04","modified_gmt":"2026-02-07T06:12:04","slug":"galatasarayin-sampiyonlar-ligi-kadrosunda-degisiklik","status":"publish","type":"post","link":"https:\/\/haberbesiktas.tr\/?p=57557","title":{"rendered":"Galatasaray&#8217;\u0131n \u015eampiyonlar Ligi kadrosunda de\u011fi\u015fiklik"},"content":{"rendered":"<div>Galatasaray&#8217;\u0131n \u015eampiyonlar Ligi i\u00e7in UEFA&#8217;ya verilen listede yapt\u0131\u011f\u0131 de\u011fi\u015fiklikler belirli oldu.<\/p>\n<p> Sar\u0131-k\u0131rm\u0131z\u0131l\u0131larda yeni transferlerden Noa Lang, Yaser Asprilla ve Sacha Boey dahil edildi.<\/p>\n<p> Gruptan ayr\u0131lan Berkan Kutlu ve Yusuf Demir&#8217;in yan\u0131 s\u0131ra gen\u00e7 futbolcu Arda \u00dcnyay tak\u0131mdan \u00e7\u0131kar\u0131ld\u0131.<\/p>\n<p> \u00d6te yandan yeni transferlerden Renato Nhaga ve Can Armando G\u00fcner, UEFA&#8217;ya verilen yeni listeye dahil edilmedi.<\/p>\n<p> <img decoding=\"async\" src=\"https:\/\/haberbesiktas.tr\/wp-content\/uploads\/2026\/02\/galatasarayin-sampiyonlar-ligi-kadrosunda-degisiklik-0-ydzCfmEp.jpg\"\/><\/p><\/div>\n","protected":false},"excerpt":{"rendered":"<p>Galatasaray&#8217;\u0131n \u015eampiyonlar Ligi i\u00e7in UEFA&#8217;ya verdi\u011fi yeni listeye ekledi\u011fi isimler belirli oldu.<\/p>\n","protected":false},"author":1,"featured_media":57558,"comment_status":"open","ping_status":"open","sticky":false,"template":"","format":"standard","meta":{"footnotes":""},"categories":[25],"tags":[],"class_list":["post-57557","post","type-post","status-publish","format-standard","has-post-thumbnail","hentry","category-futbol"],"_links":{"self":[{"href":"https:\/\/haberbesiktas.tr\/index.php?rest_route=\/wp\/v2\/posts\/57557","targetHints":{"allow":["GET"]}}],"collection":[{"href":"https:\/\/haberbesiktas.tr\/index.php?rest_route=\/wp\/v2\/posts"}],"about":[{"href":"https:\/\/haberbesiktas.tr\/index.php?rest_route=\/wp\/v2\/types\/post"}],"author":[{"embeddable":true,"href":"https:\/\/haberbesiktas.tr\/index.php?rest_route=\/wp\/v2\/users\/1"}],"replies":[{"embeddable":true,"href":"https:\/\/haberbesiktas.tr\/index.php?rest_route=%2Fwp%2Fv2%2Fcomments&post=57557"}],"version-history":[{"count":1,"href":"https:\/\/haberbesiktas.tr\/index.php?rest_route=\/wp\/v2\/posts\/57557\/revisions"}],"predecessor-version":[{"id":57560,"href":"https:\/\/haberbesiktas.tr\/index.php?rest_route=\/wp\/v2\/posts\/57557\/revisions\/57560"}],"wp:featuredmedia":[{"embeddable":true,"href":"https:\/\/haberbesiktas.tr\/index.php?rest_route=\/wp\/v2\/media\/57558"}],"wp:attachment":[{"href":"https:\/\/haberbesiktas.tr\/index.php?rest_route=%2Fwp%2Fv2%2Fmedia&parent=57557"}],"wp:term":[{"taxonomy":"category","embeddable":true,"href":"https:\/\/haberbesiktas.tr\/index.php?rest_route=%2Fwp%2Fv2%2Fcategories&post=57557"},{"taxonomy":"post_tag","embeddable":true,"href":"https:\/\/haberbesiktas.tr\/index.php?rest_route=%2Fwp%2Fv2%2Ftags&post=57557"}],"curies":[{"name":"wp","href":"https:\/\/api.w.org\/{rel}","templated":true}]}}