{"id":57564,"date":"2026-02-07T06:36:04","date_gmt":"2026-02-07T06:36:04","guid":{"rendered":"https:\/\/haberbesiktas.tr\/?p=57564"},"modified":"2026-02-07T06:36:04","modified_gmt":"2026-02-07T06:36:04","slug":"enes-celik-herkesin-gozu-bursaporda","status":"publish","type":"post","link":"https:\/\/haberbesiktas.tr\/?p=57564","title":{"rendered":"Enes \u00c7elik: Herkesin g\u00f6z\u00fc Bursapor&#8217;da"},"content":{"rendered":"<div>TFF 2. Lig gruplar\u0131ndan Bursaspor, eski g\u00fcnlerine d\u00f6nmek i\u00e7in \u00e7al\u0131\u015fmalar\u0131na devam ediyor.<\/p>\n<p>Tak\u0131m bu s\u0131k\u0131nt\u0131 g\u00fcnlerinde eskisinden daha g\u00fc\u00e7l\u00fc bir formda birle\u015ferek adeta tek beden hareket etmeye devam ediyor.<\/p>\n<p><strong>BELED\u0130YE L\u0130DER\u0130NDEN Z\u0130YARET<\/strong><br \/> Bursaspor&#8217;un \u00d6zl\u00fcce \u0130brahim Yaz\u0131c\u0131 Tesisleri&#8217;ndeki idman\u0131, Bursa B\u00fcy\u00fck\u015fehir Belediye Lideri Mustafa Bozbey&#8217;in ziyaretiyle ger\u00e7ekle\u015fti. Y\u00f6netim kurulu, teknik tak\u0131m ve futbolcularla bir ortaya gelen Bozbey, ye\u015fil beyazl\u0131 ekibe dayanak iletisi verdi. Ziyarette futbolcularla sohbet eden ve kadronun Bursa&#8217;y\u0131 en d\u00fczg\u00fcn formda temsil etti\u011fini belirterek muvaffakiyet dileklerini ileten Bozbey,<strong> &#8220;Bursal\u0131 oyuncular\u0131m\u0131z da, Bursa d\u0131\u015f\u0131ndan Bursaspor&#8217;a gelen oyuncular\u0131m\u0131z da bizim evlad\u0131m\u0131zd\u0131r. \u0130n\u015fallah bu d\u00f6nem, hi\u00e7 orta vermeden bir \u00fcst lige daima birlikte \u00e7\u0131kaca\u011f\u0131z. Akabinde da &#8216;Bekle bizi \u00dcst\u00fcn Lig&#8217; diyoruz. \u0130n\u015fallah S\u00fcper Lig&#8217;de de Avrupa&#8217;da da isminden kelam ettiren, ba\u015far\u0131lar\u0131yla \u00f6ne \u00e7\u0131kan bir Bursaspor alanlarda yer alacakt\u0131r. T\u00fcm kent kenetlenmi\u015f durumda. Yakla\u015f\u0131k 3,3 milyonluk Bursa, bu seyahatte grubun gerisinde ve Bursaspor&#8217;u yak\u0131ndan takip ediyor. Bursa kentini, Bursa ismini en yeterli formda temsil etti\u011finiz i\u00e7in hepinize te\u015fekk\u00fcrlerimi sunuyorum&#8221;<\/strong> diye konu\u015ftu.<\/p>\n<p> <strong>ENES \u00c7EL\u0130K: HERKES\u0130N G\u00d6Z\u00dc BURSASPOR&#8217;DA, Z\u0130RA EN \u00dcSTTE O VAR<\/strong><\/p>\n<p> Bursaspor Ba\u015fkan\u0131 Enes \u00c7elik de kul\u00fcp ve kent ortas\u0131ndaki birlikteli\u011fin de\u011ferine vurgu yaparken, kalan haftalarda kadronun gayesi do\u011frultusunda kenetlenmi\u015f bir yap\u0131 sergileyeceklerini tabir etti. \u00c7elik, <strong>&#8220;Gerek in\u015faatlar\u0131m\u0131zda, gerek etraf revizeleri ve yer d\u00fczenlemelerinde yan\u0131m\u0131zda olan belediye liderimize te\u015fekk\u00fcr ediyoruz. El birli\u011fiyle bir\u00e7ok eksik tamamlan\u0131yor. Alanda futbolcu karde\u015flerimiz ve hocam\u0131z \u00e7aba ediyor, biz de d\u0131\u015far\u0131da elimizden geleni yap\u0131yoruz. \u00d6n\u00fcm\u00fczde 12 ma\u00e7 var ve her biri ba\u015fka de\u011ferli. Herkesin g\u00f6z\u00fc Bursaspor&#8217;da zira en \u00fcstte Bursaspor var&#8221;<\/strong> diye konu\u015ftU.<\/p>\n<\/div>\n","protected":false},"excerpt":{"rendered":"<p>Son y\u0131llarda eski g\u00fcnlerine geri d\u00f6nmek a\u011f\u0131r gayret harcayan Bursaspor&#8217;da, lider Enes \u00c7elik a\u00e7\u0131klamalarda bulundu<\/p>\n","protected":false},"author":1,"featured_media":57565,"comment_status":"open","ping_status":"open","sticky":false,"template":"","format":"standard","meta":{"footnotes":""},"categories":[25],"tags":[1799,52],"class_list":["post-57564","post","type-post","status-publish","format-standard","has-post-thumbnail","hentry","category-futbol","tag-bursa","tag-takim"],"_links":{"self":[{"href":"https:\/\/haberbesiktas.tr\/index.php?rest_route=\/wp\/v2\/posts\/57564","targetHints":{"allow":["GET"]}}],"collection":[{"href":"https:\/\/haberbesiktas.tr\/index.php?rest_route=\/wp\/v2\/posts"}],"about":[{"href":"https:\/\/haberbesiktas.tr\/index.php?rest_route=\/wp\/v2\/types\/post"}],"author":[{"embeddable":true,"href":"https:\/\/haberbesiktas.tr\/index.php?rest_route=\/wp\/v2\/users\/1"}],"replies":[{"embeddable":true,"href":"https:\/\/haberbesiktas.tr\/index.php?rest_route=%2Fwp%2Fv2%2Fcomments&post=57564"}],"version-history":[{"count":1,"href":"https:\/\/haberbesiktas.tr\/index.php?rest_route=\/wp\/v2\/posts\/57564\/revisions"}],"predecessor-version":[{"id":57566,"href":"https:\/\/haberbesiktas.tr\/index.php?rest_route=\/wp\/v2\/posts\/57564\/revisions\/57566"}],"wp:featuredmedia":[{"embeddable":true,"href":"https:\/\/haberbesiktas.tr\/index.php?rest_route=\/wp\/v2\/media\/57565"}],"wp:attachment":[{"href":"https:\/\/haberbesiktas.tr\/index.php?rest_route=%2Fwp%2Fv2%2Fmedia&parent=57564"}],"wp:term":[{"taxonomy":"category","embeddable":true,"href":"https:\/\/haberbesiktas.tr\/index.php?rest_route=%2Fwp%2Fv2%2Fcategories&post=57564"},{"taxonomy":"post_tag","embeddable":true,"href":"https:\/\/haberbesiktas.tr\/index.php?rest_route=%2Fwp%2Fv2%2Ftags&post=57564"}],"curies":[{"name":"wp","href":"https:\/\/api.w.org\/{rel}","templated":true}]}}