{"id":57567,"date":"2026-02-07T06:48:04","date_gmt":"2026-02-07T06:48:04","guid":{"rendered":"https:\/\/haberbesiktas.tr\/?p=57567"},"modified":"2026-02-07T06:48:04","modified_gmt":"2026-02-07T06:48:04","slug":"portodan-fenerbahceye-transfer-yaniti-deniz-gul","status":"publish","type":"post","link":"https:\/\/haberbesiktas.tr\/?p=57567","title":{"rendered":"Porto&#8217;dan Fenerbah\u00e7e&#8217;ye transfer yan\u0131t\u0131: Deniz G\u00fcl"},"content":{"rendered":"<div>Fenerbah\u00e7e&#8217;nin Porto&#8217;da forma giyen ulusal forvet Deniz G\u00fcl i\u00e7in s\u00fcrpriz bir te\u015febb\u00fcste bulundu\u011fu ortaya \u00e7\u0131kt\u0131.<\/p>\n<p> <span><em><strong>Sercan Hamzao\u011flu&#8217;nun haberine nazaran;<\/strong><\/em><\/span> gen\u00e7 Fenerbah\u00e7e&#8217;nin teklifine ra\u011fmen Deniz&#8217;in Porto&#8217;dan ayr\u0131lmak istemedi\u011fi ve d\u00f6nemi mevcut kul\u00fcb\u00fcnde tamamlamay\u0131 planlad\u0131\u011f\u0131 belirtildi.<\/p>\n<p> Fenerbah\u00e7e ismine s\u00fcreci y\u00fcr\u00fcten Devin \u00d6zek ve Ertan Toruno\u011fullar\u0131, Deniz&#8217;in temsilcisi Hasan \u00c7etinkaya ile direkt temasa ge\u00e7erek resmi teklifi iletti. Lakin yap\u0131lan bu teklif, oyuncu taraf\u0131nca net halde geri \u00e7evrildi.<\/p>\n<p> Sar\u0131-lacivertlilerin a\u011f\u0131r ilgisine kar\u015f\u0131n Deniz G\u00fcl&#8217;\u00fcn d\u00f6nem sonuna kadar kadrosunda kalma karar\u0131nda \u0131srarc\u0131 oldu\u011fu tabir edildi.<\/p>\n<p> <strong>DEN\u0130Z G\u00dcL&#8217;\u00dcN KAR\u0130YER\u0130<\/strong><\/p>\n<p> Futbola Hammarby&#8217;de ba\u015flayan Deniz G\u00fcl, 2024 yaz\u0131nda 4.5 milyon Euro bonservis bedeliyle Porto&#8217;ya transfer oldu.<\/p>\n<p> Bu d\u00f6nem Porto formas\u0131yla 25 ma\u00e7ta 710 dakika m\u00fchlet alan 21 ya\u015f\u0131ndaki Deniz G\u00fcl, 4 gol at\u0131p 1 asist yapt\u0131.<\/p>\n<\/div>\n","protected":false},"excerpt":{"rendered":"<p>Fenerbah\u00e7e&#8217;nin Porto formas\u0131 giyen Deniz G\u00fcl i\u00e7in yapt\u0131\u011f\u0131 teklif olumsuz sonu\u00e7land\u0131. Gen\u00e7 forvet, d\u00f6nemi Porto&#8217;da tamamlama karar\u0131 ald\u0131.<\/p>\n","protected":false},"author":1,"featured_media":57568,"comment_status":"open","ping_status":"open","sticky":false,"template":"","format":"standard","meta":{"footnotes":""},"categories":[25],"tags":[4102],"class_list":["post-57567","post","type-post","status-publish","format-standard","has-post-thumbnail","hentry","category-futbol","tag-deniz-gul"],"_links":{"self":[{"href":"https:\/\/haberbesiktas.tr\/index.php?rest_route=\/wp\/v2\/posts\/57567","targetHints":{"allow":["GET"]}}],"collection":[{"href":"https:\/\/haberbesiktas.tr\/index.php?rest_route=\/wp\/v2\/posts"}],"about":[{"href":"https:\/\/haberbesiktas.tr\/index.php?rest_route=\/wp\/v2\/types\/post"}],"author":[{"embeddable":true,"href":"https:\/\/haberbesiktas.tr\/index.php?rest_route=\/wp\/v2\/users\/1"}],"replies":[{"embeddable":true,"href":"https:\/\/haberbesiktas.tr\/index.php?rest_route=%2Fwp%2Fv2%2Fcomments&post=57567"}],"version-history":[{"count":1,"href":"https:\/\/haberbesiktas.tr\/index.php?rest_route=\/wp\/v2\/posts\/57567\/revisions"}],"predecessor-version":[{"id":57569,"href":"https:\/\/haberbesiktas.tr\/index.php?rest_route=\/wp\/v2\/posts\/57567\/revisions\/57569"}],"wp:featuredmedia":[{"embeddable":true,"href":"https:\/\/haberbesiktas.tr\/index.php?rest_route=\/wp\/v2\/media\/57568"}],"wp:attachment":[{"href":"https:\/\/haberbesiktas.tr\/index.php?rest_route=%2Fwp%2Fv2%2Fmedia&parent=57567"}],"wp:term":[{"taxonomy":"category","embeddable":true,"href":"https:\/\/haberbesiktas.tr\/index.php?rest_route=%2Fwp%2Fv2%2Fcategories&post=57567"},{"taxonomy":"post_tag","embeddable":true,"href":"https:\/\/haberbesiktas.tr\/index.php?rest_route=%2Fwp%2Fv2%2Ftags&post=57567"}],"curies":[{"name":"wp","href":"https:\/\/api.w.org\/{rel}","templated":true}]}}