{"id":57598,"date":"2026-02-07T08:48:07","date_gmt":"2026-02-07T08:48:07","guid":{"rendered":"https:\/\/haberbesiktas.tr\/?p=57598"},"modified":"2026-02-07T08:48:07","modified_gmt":"2026-02-07T08:48:07","slug":"jose-mourinhonun-rafa-silva-karari-resmilesti-benfica-uefaya-listeyi-yolladi","status":"publish","type":"post","link":"https:\/\/haberbesiktas.tr\/?p=57598","title":{"rendered":"Jose Mourinho&#8217;nun Rafa Silva karar\u0131 resmile\u015fti: Benfica, UEFA&#8217;ya listeyi yollad\u0131"},"content":{"rendered":"<div>\n<p>Benfica, orta transfer periyodunda uzun s\u00fcren g\u00f6r\u00fc\u015fmelerin akabinde Be\u015fikta\u015f&#8217;tan Rafa Silva&#8217;y\u0131 tak\u0131m\u0131na katm\u0131\u015ft\u0131. Portekiz tak\u0131m\u0131nda, y\u0131ld\u0131z futbolcunun UEFA \u015eampiyonlar Ligi&#8217;ndeki durumu da netlik kazand\u0131.<\/p>\n<p> Teknik y\u00f6netici Jose Mourinho, Benfica&#8217;n\u0131n \u015eampiyonlar Ligi tak\u0131m\u0131na yeni transferler Rafa Silva ve Sidny&#8217;i dahil etti.\u00a0<\/p>\n<p> \u00d6te yandan sakatl\u0131klar\u0131 bulunmas\u0131na kar\u015f\u0131n Samuel Soares, Alexander Bah, Richard R\u00edos, Dodi Lukebakio, Wynder, Nuno Felix ve Joao Veloso da Benfica&#8217;n\u0131n \u015eampiyonlar Ligi tak\u0131m\u0131na kaydedilen isimler ortas\u0131nda yer ald\u0131.<\/p>\n<p> Benfica, UEFA \u015eampiyonlar Ligi son 16 tipine y\u00fckselme play-off ma\u00e7\u0131nda Real Madrid ile kar\u015f\u0131 kar\u015f\u0131ya gelecek. Birinci ma\u00e7 17 \u015eubat&#8217;ta Est\u00e1dio da Luz&#8217;da, r\u00f6van\u015f \u00e7abas\u0131 ise 25 \u015eubat&#8217;ta Santiago Bernab\u00e9u&#8217;da oynanacak.<\/p>\n<\/div>\n","protected":false},"excerpt":{"rendered":"<p>Jose Mourinho&#8217;nun teknik y\u00f6neticili\u011fini yapt\u0131\u011f\u0131 Benfica, \u015eampiyonlar Ligi i\u00e7in tak\u0131m\u0131n\u0131 UEFA&#8217;ya bildirdi. B\u00f6ylelikle Portekizli teknik adam\u0131n, Be\u015fikta\u015f&#8217;tan transfer ettikleri Rafa Silva&#8217;yla ilgili Devler Ligi karar\u0131 da a\u015fik\u00e2r oldu.<\/p>\n","protected":false},"author":1,"featured_media":57599,"comment_status":"open","ping_status":"open","sticky":false,"template":"","format":"standard","meta":{"footnotes":""},"categories":[25],"tags":[],"class_list":["post-57598","post","type-post","status-publish","format-standard","has-post-thumbnail","hentry","category-futbol"],"_links":{"self":[{"href":"https:\/\/haberbesiktas.tr\/index.php?rest_route=\/wp\/v2\/posts\/57598","targetHints":{"allow":["GET"]}}],"collection":[{"href":"https:\/\/haberbesiktas.tr\/index.php?rest_route=\/wp\/v2\/posts"}],"about":[{"href":"https:\/\/haberbesiktas.tr\/index.php?rest_route=\/wp\/v2\/types\/post"}],"author":[{"embeddable":true,"href":"https:\/\/haberbesiktas.tr\/index.php?rest_route=\/wp\/v2\/users\/1"}],"replies":[{"embeddable":true,"href":"https:\/\/haberbesiktas.tr\/index.php?rest_route=%2Fwp%2Fv2%2Fcomments&post=57598"}],"version-history":[{"count":1,"href":"https:\/\/haberbesiktas.tr\/index.php?rest_route=\/wp\/v2\/posts\/57598\/revisions"}],"predecessor-version":[{"id":57600,"href":"https:\/\/haberbesiktas.tr\/index.php?rest_route=\/wp\/v2\/posts\/57598\/revisions\/57600"}],"wp:featuredmedia":[{"embeddable":true,"href":"https:\/\/haberbesiktas.tr\/index.php?rest_route=\/wp\/v2\/media\/57599"}],"wp:attachment":[{"href":"https:\/\/haberbesiktas.tr\/index.php?rest_route=%2Fwp%2Fv2%2Fmedia&parent=57598"}],"wp:term":[{"taxonomy":"category","embeddable":true,"href":"https:\/\/haberbesiktas.tr\/index.php?rest_route=%2Fwp%2Fv2%2Fcategories&post=57598"},{"taxonomy":"post_tag","embeddable":true,"href":"https:\/\/haberbesiktas.tr\/index.php?rest_route=%2Fwp%2Fv2%2Ftags&post=57598"}],"curies":[{"name":"wp","href":"https:\/\/api.w.org\/{rel}","templated":true}]}}