{"id":5760,"date":"2025-01-23T14:23:49","date_gmt":"2025-01-23T14:23:49","guid":{"rendered":"https:\/\/haberbesiktas.tr\/?p=5760"},"modified":"2025-01-23T14:23:49","modified_gmt":"2025-01-23T14:23:49","slug":"volkan-demirel-aanin-yilin-kareleri-oylamasina-katildi","status":"publish","type":"post","link":"https:\/\/haberbesiktas.tr\/?p=5760","title":{"rendered":"Volkan Demirel, AA&#8217;n\u0131n &#8220;Y\u0131l\u0131n Kareleri&#8221; oylamas\u0131na kat\u0131ld\u0131"},"content":{"rendered":"<div>Sipay Bodrum FK Teknik Y\u00f6neticisi Volkan Demirel, Anadolu Ajans\u0131n\u0131n (AA) g\u00f6z\u00fcnden 2024&#8217;e damga vuran olaylara ili\u015fkin ve ya\u015fama dair foto\u011fraflar\u0131n yer ald\u0131\u011f\u0131 &#8220;Y\u0131l\u0131n Kareleri&#8221; oylamas\u0131na kat\u0131ld\u0131.<\/p>\n<p> Demirel, AA muhabirleri ve foto muhabirlerinin yurt i\u00e7inde ve d\u0131\u015f\u0131nda \u00e7ekti\u011fi, Roketsan, Lifebox ve Sony katk\u0131lar\u0131yla yap\u0131lan &#8220;Haber&#8221;, &#8220;Do\u011fal Hayat ve \u00c7evre&#8221;, &#8220;Spor&#8221;, &#8220;G\u00fcnl\u00fck Hayat&#8221; ile bu y\u0131la \u00f6zel eklenen &#8220;\u00d6zg\u00fcr Suriye&#8221; kategorilerindeki foto\u011fraflar\u0131 inceledi.<\/p>\n<p> &#8220;\u00d6zg\u00fcr Suriye&#8221; kategorisinde Emin Sansar&#8217;\u0131n &#8220;Her \u015feye ra\u011fmen&#8221; foto\u011fraf\u0131n\u0131 be\u011fenen Demirel, &#8220;G\u00fcnl\u00fck Hayat&#8221; kategorisinde Ahmet Okatal\u0131&#8217;n\u0131n &#8220;G\u00f6rkemli gece&#8221;, &#8220;Haber&#8221; kategorisinde de Tahsin Ceylan&#8217;\u0131n &#8220;Su seviyesi&#8221; foto\u011fraflar\u0131n\u0131 se\u00e7ti.<\/p>\n<p> &#8220;Do\u011fal Hayat ve \u00c7evre&#8221; kategorisinde Garry Lotulung&#8217;un &#8220;Kuyruklu y\u0131ld\u0131z ve volkan&#8221; foto\u011fraf\u0131n\u0131 se\u00e7en Demirel, &#8220;Spor&#8221; kategorisinde ise oyunu Burak Akbulut&#8217;un &#8220;Sevin\u00e7ten havalarda&#8221; foto\u011fraf\u0131ndan yana kulland\u0131.<\/p>\n<p> AA muhabirine foto\u011fraflar\u0131 de\u011ferlendiren Demirel, Anadolu Ajans\u0131 foto muhabirlerine te\u015fekk\u00fcr ederek, foto\u011fraflar\u0131 \u00e7ok be\u011fendi\u011fini s\u00f6yledi.<\/p>\n<p> Foto\u011fraflar\u0131 se\u00e7erken hem Mu\u011fla ile alakal\u0131 hem de ismiyle alakal\u0131 foto\u011fraflar\u0131 be\u011fendi\u011fini anlatan Demirel, &#8220;Suriye&#8217;deki bayan\u0131n memnunlu\u011fu yahut tan\u0131d\u0131\u011f\u0131m insanlar\u0131 se\u00e7meyi tercih ettim. \u0130n\u015fallah oylamada da benim se\u00e7ti\u011fim foto\u011fraflar ba\u015far\u0131l\u0131 olur.&#8221; dedi.<\/p>\n<p> Sava\u015flar\u0131n durmas\u0131 insanlar\u0131n keyifli olmas\u0131 temennilerinde bulunan Demirel, \u015f\u00f6yle konu\u015ftu:<\/p>\n<p> &#8220;Biz insanl\u0131k ismine ya\u015fanan her \u015feye \u00fcz\u00fcl\u00fcyoruz. \u0130n\u015fallah en k\u0131sa vakitte hem \u00fclkemiz ismine hem de d\u00fcnya \u00fczerindeki t\u00fcm yanl\u0131\u015fl\u0131klar, t\u00fcm olumsuz kan\u0131lar kalkar ve daima bir arada keyifli bir bi\u00e7imde ya\u015far\u0131z. Zira insan keyifli olmay\u0131 hak ediyor. Ya\u015famak \u00e7ok ho\u015f bir \u015fey ve ger\u00e7ek ya\u015famak \u00e7ok de\u011ferli. Nefes ald\u0131\u011f\u0131m\u0131z s\u00fcrece de her insan bence hakikat ya\u015famay\u0131 hak ediyor diye d\u00fc\u015f\u00fcn\u00fcyorum.&#8221;<\/p>\n<\/div>\n","protected":false},"excerpt":{"rendered":"<p>Sipay Bodrum FK Teknik Y\u00f6neticisi Volkan Demirel, Anadolu Ajans\u0131n\u0131n Y\u0131l\u0131n Kareleri&#8221; oylamas\u0131na kat\u0131ld\u0131<\/p>\n","protected":false},"author":1,"featured_media":5761,"comment_status":"open","ping_status":"open","sticky":false,"template":"","format":"standard","meta":{"footnotes":""},"categories":[25],"tags":[556,206,552,207,788],"class_list":["post-5760","post","type-post","status-publish","format-standard","has-post-thumbnail","hentry","category-futbol","tag-demirel","tag-foto","tag-insan","tag-kategorisinde","tag-yasam"],"_links":{"self":[{"href":"https:\/\/haberbesiktas.tr\/index.php?rest_route=\/wp\/v2\/posts\/5760","targetHints":{"allow":["GET"]}}],"collection":[{"href":"https:\/\/haberbesiktas.tr\/index.php?rest_route=\/wp\/v2\/posts"}],"about":[{"href":"https:\/\/haberbesiktas.tr\/index.php?rest_route=\/wp\/v2\/types\/post"}],"author":[{"embeddable":true,"href":"https:\/\/haberbesiktas.tr\/index.php?rest_route=\/wp\/v2\/users\/1"}],"replies":[{"embeddable":true,"href":"https:\/\/haberbesiktas.tr\/index.php?rest_route=%2Fwp%2Fv2%2Fcomments&post=5760"}],"version-history":[{"count":1,"href":"https:\/\/haberbesiktas.tr\/index.php?rest_route=\/wp\/v2\/posts\/5760\/revisions"}],"predecessor-version":[{"id":5762,"href":"https:\/\/haberbesiktas.tr\/index.php?rest_route=\/wp\/v2\/posts\/5760\/revisions\/5762"}],"wp:featuredmedia":[{"embeddable":true,"href":"https:\/\/haberbesiktas.tr\/index.php?rest_route=\/wp\/v2\/media\/5761"}],"wp:attachment":[{"href":"https:\/\/haberbesiktas.tr\/index.php?rest_route=%2Fwp%2Fv2%2Fmedia&parent=5760"}],"wp:term":[{"taxonomy":"category","embeddable":true,"href":"https:\/\/haberbesiktas.tr\/index.php?rest_route=%2Fwp%2Fv2%2Fcategories&post=5760"},{"taxonomy":"post_tag","embeddable":true,"href":"https:\/\/haberbesiktas.tr\/index.php?rest_route=%2Fwp%2Fv2%2Ftags&post=5760"}],"curies":[{"name":"wp","href":"https:\/\/api.w.org\/{rel}","templated":true}]}}