{"id":57601,"date":"2026-02-07T09:00:07","date_gmt":"2026-02-07T09:00:07","guid":{"rendered":"https:\/\/haberbesiktas.tr\/?p=57601"},"modified":"2026-02-07T09:00:07","modified_gmt":"2026-02-07T09:00:07","slug":"genclerbirliginin-fenerbahce-maci-aciklamasi","status":"publish","type":"post","link":"https:\/\/haberbesiktas.tr\/?p=57601","title":{"rendered":"Gen\u00e7lerbirli\u011fi&#8217;nin Fenerbah\u00e7e ma\u00e7\u0131 a\u00e7\u0131klamas\u0131!"},"content":{"rendered":"<div><span><span>Hafta i\u00e7i Fenerbah\u00e7e&#8217;ye konuk olacak Gen\u00e7lerbirli\u011finde teknik i\u015fveren Metin Diyadin ve k\u0131rm\u0131z\u0131-siyahl\u0131 kadro futbolcular\u0131ndan stoper Dimitris Goutas ile kanat oyuncusu Metehan Mimaro\u011flu, \u00f6zel bir e\u011fitim kurumunda lise \u00f6\u011frencileriyle s\u00f6yle\u015fide bir ortaya geldi.<\/p>\n<p><strong>&#8221;HER \u015eEY\u0130M\u0130ZLE ALANDA OLACA\u011eIZ&#8221;<\/strong><\/p>\n<p><span>\u00d6\u011frencilerin sorular\u0131n\u0131 yan\u0131tlad\u0131ktan sonra bas\u0131n mensuplar\u0131na a\u00e7\u0131klamada bulunan ba\u015f\u015fehir temsilcisinin teknik y\u00f6neticisi Diyadin, 9 \u015eubat Pazartesi g\u00fcn\u00fc deplasmanda kar\u015f\u0131la\u015facaklar\u0131 Fenerbah\u00e7e ma\u00e7\u0131 \u00f6ncesi tam grup halinde \u00e7al\u0131\u015ft\u0131klar\u0131n\u0131, sakat oyuncular\u0131 olmad\u0131\u011f\u0131n\u0131 belirterek,<strong> &#8220;\u0130n\u015fallah ma\u00e7a kadar da bir sorun \u00e7\u0131kmaz, kuvvetli bir ma\u00e7 oynayaca\u011f\u0131z. \u00c7ok istekli, hi\u00e7 olmad\u0131\u011f\u0131 kadar \u015fampiyonluk ismine savl\u0131 bir Fenerbah\u00e7e ile oynayaca\u011f\u0131z. Kesinlikle kuvvetli bir ma\u00e7 olacak, b\u00fct\u00fcn oyuncular\u0131m\u0131zla birlikte bu kuvvetli deplasmanda her \u015feyimizle alanda olaca\u011f\u0131z, alandan istedi\u011fimizi almaya \u00e7al\u0131\u015faca\u011f\u0131z.&#8221;<\/strong> dedi.<\/p>\n<p><strong>&#8221;KEND\u0130 OYUN FORMATIMIZLA ALANDA OLACA\u011eIZ&#8221;<\/strong><\/p>\n<p><span>Fenerbah\u00e7e&#8217;nin yeni transferi Frans\u0131z futbolcu N&#8217;Golo Kante&#8217;yle ilgili bir soru \u00fczerine ise Diyadin,<strong> &#8220;Fenerbah\u00e7e, Galatasaray onlarda bu transferler bitmiyor zati takip bile etmede zorlan\u0131yoruz. Onun i\u00e7in \u00e7ok oralara tak\u0131lmadan biz kendi oyun format\u0131m\u0131zla kendi motivasyonumuzla her \u015feyimizle o ma\u00e7a haz\u0131r olaca\u011f\u0131z. Ma\u00e7 ma\u00e7 gidece\u011fiz, bilhassa a\u015fik\u00e2r bir puan alt\u0131ndaki gruplar i\u00e7in her ald\u0131\u011f\u0131 puan \u00e7ok k\u0131ymetlidir. Ma\u00e7 ma\u00e7&#8230;Her ma\u00e7tan neler alabiliriz, neler yapabiliriz diye bak\u0131yoruz onun i\u00e7in bu ma\u00e7tan da beklentimiz var, in\u015fallah istedi\u011fimizi alarak d\u00f6neriz.&#8221;<\/strong> diye konu\u015ftu.<br \/><\/span><\/span><\/span><\/span> <strong>GOUSTOS: &#8220;\u0130Y\u0130 B\u0130R SKOR ALACA\u011eIZ&#8221;<\/strong><\/p>\n<p> Ba\u015f\u015fehir tak\u0131m\u0131n\u0131n deneyimli stoperlerinden Dimitris Goutas da Fenerbah\u00e7e ma\u00e7\u0131 \u00fczere m\u00fcsabakalar\u0131n her vakit \u00e7ok kuvvetli ge\u00e7ti\u011fini belirterek, <strong>&#8220;Deplasmanda oynayaca\u011f\u0131z, \u00e7ok fazla ko\u015fmam\u0131z laz\u0131m, her top i\u00e7in b\u00fct\u00fcn gayretimizi ortaya koymam\u0131z laz\u0131m. G\u00fcn\u00fcm\u00fczde oldu\u011fumuzda neler yapabildi\u011fimizi g\u00f6steren bir grubuz, d\u00fczg\u00fcn bir ma\u00e7 olaca\u011f\u0131n\u0131 ve yeterli bir skor alaca\u011f\u0131m\u0131z\u0131 d\u00fc\u015f\u00fcn\u00fcyorum.&#8221;<\/strong> dedi.<\/p>\n<p><strong>&#8220;KANTE G\u00dcZEL B\u0130R OYUNCU LAK\u0130N&#8230;&#8221;<\/strong><\/p>\n<p> Goutas, Frans\u0131z futbolcu N&#8217;Golo Kante&#8217;ye ait de, &#8220;<strong>Tabii ki bir transfer hi\u00e7 bir ekip i\u00e7in her \u015feyi de\u011fi\u015ftirmez. Biz ortaya koyaca\u011f\u0131m\u0131z \u00e7abay\u0131 katiyen de\u011fi\u015ftirmeyece\u011fiz. N&#8217;Golo Kante yeterli bir oyuncu lakin Fenerbah\u00e7e&#8217;de bir \u00e7ok d\u00fczg\u00fcn oyuncu var, kendi \u00e7abam\u0131z\u0131 ortaya koyaca\u011f\u0131z, bu \u00e7abay\u0131 ortaya koydu\u011fumuzda g\u00fczel bir ekip da oldu\u011fumuz i\u00e7in \u00e2l\u00e2 bir skorla oradan ayr\u0131laca\u011f\u0131z, diye d\u00fc\u015f\u00fcn\u00fcyorum<\/strong>.&#8221; s\u00f6zlerini kulland\u0131.<\/p>\n<p> <strong>M\u0130MARO\u011eLU: &#8220;PUAN YA DA PUANLAR ALMAK \u0130ST\u0130YORUZ&#8221;<\/strong><\/p>\n<p> Gen\u00e7lerbirli\u011fi&#8217;nin Trendyol S\u00fcper Lig&#8217;de son oynad\u0131\u011f\u0131 Gaziantep FK ma\u00e7\u0131nda ekibine galibiyeti getiren gol\u00fc kaydeden Metehan Mimaro\u011flu ise, <strong>&#8220;Bizim i\u00e7in Fenerbah\u00e7e ma\u00e7\u0131 nat\u00fcrel ki \u00e7ok b\u00fcy\u00fck ehemmiyet ta\u015f\u0131yor, oradan alaca\u011f\u0131m\u0131z 1 ya da 3 puan bizi en az\u0131ndan oldu\u011fumuz pozisyonda tutacak. \u00c7ok k\u0131ymetli bir ma\u00e7, ekip\u00e7e bu t\u00fcrl\u00fc ma\u00e7lar\u0131 uygun oynad\u0131\u011f\u0131m\u0131z\u0131 d\u00fc\u015f\u00fcn\u00fcyorum, Be\u015fikta\u015f, Trabzonspor keza Galatasaray ma\u00e7\u0131 bizim i\u00e7in \u00e7ok \u00e2l\u00e2 ge\u00e7mi\u015fti. \u0130n\u015fallah bu ma\u00e7 da o denli \u00e7ok d\u00fczg\u00fcn ge\u00e7er. \u0130stanbul&#8217;a puan yahut puanlar almak i\u00e7in gidece\u011fiz.&#8221;<\/strong> bi\u00e7iminde konu\u015ftu.<\/p>\n<p><strong>M\u0130MARO\u011eLU: &#8220;L\u0130GDE KALICI OLMAK \u0130ST\u0130YORUZ&#8221;<\/strong><\/p>\n<p> Metehan Mimaro\u011flu, ba\u015f\u015fehir tak\u0131m\u0131n\u0131n Trendyol S\u00fcper Lig&#8217;deki bu sezonki durumuna y\u00f6nelik de, <strong>&#8220;\u00d6ncelikle maksad\u0131m\u0131z kesinlikle bu ligde kal\u0131c\u0131 olmak, biliyorsunuz 3-4 sene sonra ula\u015f\u0131lm\u0131\u015f bir \u015fampiyonluk ve hak edilmi\u015f bir S\u00fcper Lig pozisyonu \u015fuan, bundan da a\u015fa\u011f\u0131s\u0131n\u0131 d\u00fc\u015f\u00fcnmek istemiyorum. Burada sonuna kadar kal\u0131c\u0131 olmaya \u00e7al\u0131\u015faca\u011f\u0131z, Gen\u00e7lerbirli\u011fi armas\u0131n\u0131 bu ligde eski haline d\u00f6nd\u00fcrmek istiyoruz, bunun i\u00e7in de sonuna kadar \u00e7abam\u0131z\u0131 devam ettirece\u011fiz. Bu d\u00f6nem da bunu ba\u015faraca\u011f\u0131m\u0131z\u0131 d\u00fc\u015f\u00fcn\u00fcyorum.&#8221;<\/strong> de\u011ferlendirmesinde bulundu.<\/p>\n<p>Fenerbah\u00e7e ve Gen\u00e7lerbirli\u011fi, 9 \u015eubat Pazartesi g\u00fcn\u00fc Chobani Stadyumunda kar\u015f\u0131 kar\u015f\u0131ya gelecek.<\/p>\n<\/div>\n","protected":false},"excerpt":{"rendered":"<p>Trendyol S\u00fcper Lig tak\u0131mlar\u0131ndan Gen\u00e7lerbirli\u011fi, Teknik Y\u00f6neticisi Metin Diyadin, Metehan Mimaro\u011flu ve Goutas Fenerbah\u00e7e ma\u00e7\u0131 hakk\u0131nda konu\u015ftu.<\/p>\n","protected":false},"author":1,"featured_media":57602,"comment_status":"open","ping_status":"open","sticky":false,"template":"","format":"standard","meta":{"footnotes":""},"categories":[25],"tags":[115,51,50,43,52],"class_list":["post-57601","post","type-post","status-publish","format-standard","has-post-thumbnail","hentry","category-futbol","tag-fenerbahce","tag-lig","tag-mac","tag-oyun","tag-takim"],"_links":{"self":[{"href":"https:\/\/haberbesiktas.tr\/index.php?rest_route=\/wp\/v2\/posts\/57601","targetHints":{"allow":["GET"]}}],"collection":[{"href":"https:\/\/haberbesiktas.tr\/index.php?rest_route=\/wp\/v2\/posts"}],"about":[{"href":"https:\/\/haberbesiktas.tr\/index.php?rest_route=\/wp\/v2\/types\/post"}],"author":[{"embeddable":true,"href":"https:\/\/haberbesiktas.tr\/index.php?rest_route=\/wp\/v2\/users\/1"}],"replies":[{"embeddable":true,"href":"https:\/\/haberbesiktas.tr\/index.php?rest_route=%2Fwp%2Fv2%2Fcomments&post=57601"}],"version-history":[{"count":1,"href":"https:\/\/haberbesiktas.tr\/index.php?rest_route=\/wp\/v2\/posts\/57601\/revisions"}],"predecessor-version":[{"id":57603,"href":"https:\/\/haberbesiktas.tr\/index.php?rest_route=\/wp\/v2\/posts\/57601\/revisions\/57603"}],"wp:featuredmedia":[{"embeddable":true,"href":"https:\/\/haberbesiktas.tr\/index.php?rest_route=\/wp\/v2\/media\/57602"}],"wp:attachment":[{"href":"https:\/\/haberbesiktas.tr\/index.php?rest_route=%2Fwp%2Fv2%2Fmedia&parent=57601"}],"wp:term":[{"taxonomy":"category","embeddable":true,"href":"https:\/\/haberbesiktas.tr\/index.php?rest_route=%2Fwp%2Fv2%2Fcategories&post=57601"},{"taxonomy":"post_tag","embeddable":true,"href":"https:\/\/haberbesiktas.tr\/index.php?rest_route=%2Fwp%2Fv2%2Ftags&post=57601"}],"curies":[{"name":"wp","href":"https:\/\/api.w.org\/{rel}","templated":true}]}}