{"id":57607,"date":"2026-02-07T09:24:07","date_gmt":"2026-02-07T09:24:07","guid":{"rendered":"https:\/\/haberbesiktas.tr\/?p=57607"},"modified":"2026-02-07T09:24:07","modified_gmt":"2026-02-07T09:24:07","slug":"besiktas-icin-geliyor-devis-vasquez","status":"publish","type":"post","link":"https:\/\/haberbesiktas.tr\/?p=57607","title":{"rendered":"Be\u015fikta\u015f i\u00e7in geliyor: Devis Vasquez"},"content":{"rendered":"<div>\n<p>Mert G\u00fcnok&#8217;un ayr\u0131l\u0131\u011f\u0131 sonras\u0131 kaleci aray\u0131\u015flar\u0131n\u0131 s\u00fcrd\u00fcren Be\u015fikta\u015f, s\u00fcrpriz bir ismi bitirdi.<\/p>\n<p> Siyah-beyazl\u0131lar, Roma formas\u0131 giyen<strong>\u00a0<\/strong>Kolombiyal\u0131 kaleci<strong> Devis Vasquez<\/strong>&#8216;i sat\u0131n alma opsiyonlu kiral\u0131k olarak tak\u0131m\u0131na katt\u0131.<\/p>\n<p> <strong>\u0130STANBUL&#8217;A GEL\u0130\u015e SAAT\u0130<\/strong><\/p>\n<p>Be\u015fikta\u015f&#8217;\u0131n yeni transferi Devis Vasquez, 19:30&#8217;da \u0130stanbul&#8217;da olacak.<\/p>\n<p>27 ya\u015f\u0131ndaki oyuncunun s\u0131hhat denetimlerinin akabinde siyah-beyazl\u0131 kul\u00fcple kontrat imzalamas\u0131 bekleniyor.<\/p>\n<p> <strong>OSCAR CORDOBA&#8217;DAN ONAYLI<\/strong><\/p>\n<p> Be\u015fikta\u015f&#8217;\u0131n Kolombiyal\u0131 efsane kalecisi Oscar Cordoba, ge\u00e7mi\u015f y\u0131llarda yapt\u0131\u011f\u0131 a\u00e7\u0131klamada Devis Vasquez&#8217;i be\u011fendi\u011fini ve Boca Juniors&#8217;a transfer teklifinde bulundu\u011funu a\u00e7\u0131klam\u0131\u015ft\u0131.<\/p>\n<p> Oscar Cordoba o periyot yapt\u0131\u011f\u0131 a\u00e7\u0131klamada <strong>&#8220;Devis Vasquez&#8217;i 2020 y\u0131l\u0131nda Boca Juniors Ba\u015fkan\u0131 Juan Roman Riquelme&#8217;ye \u00f6nermi\u015ftim. \u00c7ok \u00e2l\u00e2 \u00f6zelliklere sahip bir kaleci. Umar\u0131m f\u0131rsat bulur. Bazen yetenekli olursunuz lakin \u00f6n\u00fcn\u00fczde biri vard\u0131r ve kendinizi g\u00f6steremezsiniz. Bu konumu bildi\u011fim i\u00e7in Devis Vasquez&#8217;e g\u00fcveniyorum ve onun i\u00e7in referans oluyorum.&#8221;<\/strong> tabirlerini kulland\u0131.<\/p>\n<p> Ge\u00e7ti\u011fimiz yaz Roma&#8217;ya bonservissiz olarak gelen Kolombiyal\u0131 kaleci, \u015fu ana kadar Roma formas\u0131yla resmi bir ma\u00e7a \u00e7\u0131kmad\u0131.<\/p>\n<p><strong>KAR\u0130YER\u0130<\/strong><\/p>\n<p> Vasquez, \u0130talya&#8217;da \u00fc\u00e7 d\u00f6nem Milan, Empoli ve art\u0131k de Roma formas\u0131 giydi. Toskana grubuyla Serie A&#8217;da birinci defa forma giydi ve 2024\/25 d\u00f6neminde 32 ma\u00e7a \u00e7\u0131kt\u0131, alt\u0131 ma\u00e7ta kalesini gole kapatt\u0131.<\/p>\n<\/div>\n","protected":false},"excerpt":{"rendered":"<p>Be\u015fikta\u015f, yeni transferi Devis Vasquez&#8217;in bu ak\u015fam 19.30&#8217;da \u0130stanbul&#8217;a gelece\u011fini a\u00e7\u0131klad\u0131.<\/p>\n","protected":false},"author":1,"featured_media":57608,"comment_status":"open","ping_status":"open","sticky":false,"template":"","format":"standard","meta":{"footnotes":""},"categories":[25],"tags":[1720,625],"class_list":["post-57607","post","type-post","status-publish","format-standard","has-post-thumbnail","hentry","category-futbol","tag-kaleci","tag-roma"],"_links":{"self":[{"href":"https:\/\/haberbesiktas.tr\/index.php?rest_route=\/wp\/v2\/posts\/57607","targetHints":{"allow":["GET"]}}],"collection":[{"href":"https:\/\/haberbesiktas.tr\/index.php?rest_route=\/wp\/v2\/posts"}],"about":[{"href":"https:\/\/haberbesiktas.tr\/index.php?rest_route=\/wp\/v2\/types\/post"}],"author":[{"embeddable":true,"href":"https:\/\/haberbesiktas.tr\/index.php?rest_route=\/wp\/v2\/users\/1"}],"replies":[{"embeddable":true,"href":"https:\/\/haberbesiktas.tr\/index.php?rest_route=%2Fwp%2Fv2%2Fcomments&post=57607"}],"version-history":[{"count":1,"href":"https:\/\/haberbesiktas.tr\/index.php?rest_route=\/wp\/v2\/posts\/57607\/revisions"}],"predecessor-version":[{"id":57609,"href":"https:\/\/haberbesiktas.tr\/index.php?rest_route=\/wp\/v2\/posts\/57607\/revisions\/57609"}],"wp:featuredmedia":[{"embeddable":true,"href":"https:\/\/haberbesiktas.tr\/index.php?rest_route=\/wp\/v2\/media\/57608"}],"wp:attachment":[{"href":"https:\/\/haberbesiktas.tr\/index.php?rest_route=%2Fwp%2Fv2%2Fmedia&parent=57607"}],"wp:term":[{"taxonomy":"category","embeddable":true,"href":"https:\/\/haberbesiktas.tr\/index.php?rest_route=%2Fwp%2Fv2%2Fcategories&post=57607"},{"taxonomy":"post_tag","embeddable":true,"href":"https:\/\/haberbesiktas.tr\/index.php?rest_route=%2Fwp%2Fv2%2Ftags&post=57607"}],"curies":[{"name":"wp","href":"https:\/\/api.w.org\/{rel}","templated":true}]}}