{"id":57610,"date":"2026-02-07T09:36:08","date_gmt":"2026-02-07T09:36:08","guid":{"rendered":"https:\/\/haberbesiktas.tr\/?p=57610"},"modified":"2026-02-07T09:36:08","modified_gmt":"2026-02-07T09:36:08","slug":"barcelona-fermin-lopez-ile-nikah-tazeledi","status":"publish","type":"post","link":"https:\/\/haberbesiktas.tr\/?p=57610","title":{"rendered":"Barcelona, Fermin Lopez ile nikah tazeledi"},"content":{"rendered":"<div><span>D\u00fcnya futbolunun evvel gelen tak\u0131mlar\u0131ndan\u00a0<\/span><span>Barcelona\u00a0<\/span><span><span>i\u00e7 transferde k\u0131ymetli bir imza att\u0131.<\/p>\n<p><span>Transfer devirlerinde ismi s\u0131k s\u0131k farkl\u0131 tak\u0131mlarla de an\u0131lan 23 ya\u015f\u0131ndaki \u0130spanyol ulusal futbolcu\u00a0<\/span><span>Fermin Lopez<\/span><span>, Katalan tak\u0131m\u0131yla mukavelesini 2031 y\u0131l\u0131na kadar uzatt\u0131.<\/p>\n<p><strong>LA MASIA \u00dcR\u00dcN\u00dc<\/strong><br \/><\/span><\/span><\/span> 2003 do\u011fumlu Fermin Lopez, 2016 y\u0131l\u0131nda \u015fimdi 13 ya\u015f\u0131ndayken La Masia&#8217;ya kat\u0131ld\u0131.\u00a0<\/p>\n<p> 2022 yaz\u0131nda Linares Deportivo&#8217;ya kiralanan gen\u00e7 oyuncu, 2023\/24 d\u00f6neminden bu yana Barcelona a ekibinde forma giyiyor.<\/p>\n<p><strong>PERFORMANSI<\/strong><\/p>\n<p> Bu d\u00f6nem Katalan grubuyla 26 ma\u00e7a \u00e7\u0131kan 22 ya\u015f\u0131ndaki orta daha 10 gol att\u0131 ve 11 asist kaydetti.<\/p>\n<p><img decoding=\"async\" src=\"https:\/\/haberbesiktas.tr\/wp-content\/uploads\/2026\/02\/barcelona-fermin-lopez-ile-nikah-tazeledi-0-gLwSkp92.jpg\"\/><\/p>\n<\/div>\n","protected":false},"excerpt":{"rendered":"<p>Katalan devi Barcelona, gen\u00e7 orta alan\u0131 Fermin Lopez&#8217;in kontrat\u0131n\u0131 2 y\u0131l daha uzatt\u0131\u011f\u0131n\u0131 a\u00e7\u0131klad\u0131<\/p>\n","protected":false},"author":1,"featured_media":57611,"comment_status":"open","ping_status":"open","sticky":false,"template":"","format":"standard","meta":{"footnotes":""},"categories":[25],"tags":[],"class_list":["post-57610","post","type-post","status-publish","format-standard","has-post-thumbnail","hentry","category-futbol"],"_links":{"self":[{"href":"https:\/\/haberbesiktas.tr\/index.php?rest_route=\/wp\/v2\/posts\/57610","targetHints":{"allow":["GET"]}}],"collection":[{"href":"https:\/\/haberbesiktas.tr\/index.php?rest_route=\/wp\/v2\/posts"}],"about":[{"href":"https:\/\/haberbesiktas.tr\/index.php?rest_route=\/wp\/v2\/types\/post"}],"author":[{"embeddable":true,"href":"https:\/\/haberbesiktas.tr\/index.php?rest_route=\/wp\/v2\/users\/1"}],"replies":[{"embeddable":true,"href":"https:\/\/haberbesiktas.tr\/index.php?rest_route=%2Fwp%2Fv2%2Fcomments&post=57610"}],"version-history":[{"count":1,"href":"https:\/\/haberbesiktas.tr\/index.php?rest_route=\/wp\/v2\/posts\/57610\/revisions"}],"predecessor-version":[{"id":57613,"href":"https:\/\/haberbesiktas.tr\/index.php?rest_route=\/wp\/v2\/posts\/57610\/revisions\/57613"}],"wp:featuredmedia":[{"embeddable":true,"href":"https:\/\/haberbesiktas.tr\/index.php?rest_route=\/wp\/v2\/media\/57611"}],"wp:attachment":[{"href":"https:\/\/haberbesiktas.tr\/index.php?rest_route=%2Fwp%2Fv2%2Fmedia&parent=57610"}],"wp:term":[{"taxonomy":"category","embeddable":true,"href":"https:\/\/haberbesiktas.tr\/index.php?rest_route=%2Fwp%2Fv2%2Fcategories&post=57610"},{"taxonomy":"post_tag","embeddable":true,"href":"https:\/\/haberbesiktas.tr\/index.php?rest_route=%2Fwp%2Fv2%2Ftags&post=57610"}],"curies":[{"name":"wp","href":"https:\/\/api.w.org\/{rel}","templated":true}]}}