{"id":57614,"date":"2026-02-07T09:48:10","date_gmt":"2026-02-07T09:48:10","guid":{"rendered":"https:\/\/haberbesiktas.tr\/?p=57614"},"modified":"2026-02-07T09:48:10","modified_gmt":"2026-02-07T09:48:10","slug":"besiktas-kulubu-baskani-serdal-adali-depremzedeleri-ziyaret-etti","status":"publish","type":"post","link":"https:\/\/haberbesiktas.tr\/?p=57614","title":{"rendered":"Be\u015fikta\u015f Kul\u00fcb\u00fc Ba\u015fkan\u0131 Serdal Adal\u0131 depremzedeleri ziyaret etti"},"content":{"rendered":"<div>Be\u015fikta\u015f Kul\u00fcb\u00fc Lideri Serdal Adal\u0131, Hatay&#8217;\u0131n Defne \u0130l\u00e7esinde depremzedelerin kald\u0131\u011f\u0131 konteyner kenti ziyaret etti.<\/p>\n<p> \u00c7ekmece Mahallesi&#8217;ndeki 23 Temmuz S\u00fcreksiz Konaklama Merkezi&#8217;ni ziyaret eden Adal\u0131, depremzedelere arma\u011fan da\u011f\u0131tt\u0131.<\/p>\n<p> Adal\u0131, gazetecilere, ekiplerinin taraftar k\u00fcmesi &#8220;\u00c7ar\u015f\u0131&#8221;n\u0131n her y\u0131l zelzelenin y\u0131l d\u00f6n\u00fcm\u00fcnde Hatay&#8217;\u0131 ziyaret etti\u011fini s\u00f6yledi.<\/p>\n<p> Bu y\u0131l k\u00fcmeye e\u015flik etmeye karar verdi\u011fini belirten Adal\u0131, &#8220;Kaybettiklerimizi rahmetle an\u0131yorum. \u0130n\u015fallah en k\u0131sa vakitte ola\u011fan hayata d\u00f6n\u00fcyoruz. Ge\u00e7en y\u0131ldan beri \u00e7ok b\u00fcy\u00fck g\u00fczelle\u015fme ve g\u00fczelle\u015fme var. Kent, yava\u015f yava\u015f kent olmaya ba\u015flam\u0131\u015f. Allah in\u015fallah bu t\u00fcrl\u00fc ac\u0131 bir daha ya\u015fatmaz.&#8221; diye konu\u015ftu.<\/p>\n<p><img decoding=\"async\" src=\"https:\/\/haberbesiktas.tr\/wp-content\/uploads\/2026\/02\/besiktas-kulubu-baskani-serdal-adali-depremzedeleri-ziyaret-etti-0-yieIB9Dx.jpg\"\/><\/p>\n<\/div>\n","protected":false},"excerpt":{"rendered":"<p>Be\u015fikta\u015f Kul\u00fcb\u00fc Lideri Serdal Adal\u0131 konteyner kentte ya\u015fayan depremzedeleri ziyaret etti.<\/p>\n","protected":false},"author":1,"featured_media":57615,"comment_status":"open","ping_status":"open","sticky":false,"template":"","format":"standard","meta":{"footnotes":""},"categories":[25],"tags":[],"class_list":["post-57614","post","type-post","status-publish","format-standard","has-post-thumbnail","hentry","category-futbol"],"_links":{"self":[{"href":"https:\/\/haberbesiktas.tr\/index.php?rest_route=\/wp\/v2\/posts\/57614","targetHints":{"allow":["GET"]}}],"collection":[{"href":"https:\/\/haberbesiktas.tr\/index.php?rest_route=\/wp\/v2\/posts"}],"about":[{"href":"https:\/\/haberbesiktas.tr\/index.php?rest_route=\/wp\/v2\/types\/post"}],"author":[{"embeddable":true,"href":"https:\/\/haberbesiktas.tr\/index.php?rest_route=\/wp\/v2\/users\/1"}],"replies":[{"embeddable":true,"href":"https:\/\/haberbesiktas.tr\/index.php?rest_route=%2Fwp%2Fv2%2Fcomments&post=57614"}],"version-history":[{"count":1,"href":"https:\/\/haberbesiktas.tr\/index.php?rest_route=\/wp\/v2\/posts\/57614\/revisions"}],"predecessor-version":[{"id":57617,"href":"https:\/\/haberbesiktas.tr\/index.php?rest_route=\/wp\/v2\/posts\/57614\/revisions\/57617"}],"wp:featuredmedia":[{"embeddable":true,"href":"https:\/\/haberbesiktas.tr\/index.php?rest_route=\/wp\/v2\/media\/57615"}],"wp:attachment":[{"href":"https:\/\/haberbesiktas.tr\/index.php?rest_route=%2Fwp%2Fv2%2Fmedia&parent=57614"}],"wp:term":[{"taxonomy":"category","embeddable":true,"href":"https:\/\/haberbesiktas.tr\/index.php?rest_route=%2Fwp%2Fv2%2Fcategories&post=57614"},{"taxonomy":"post_tag","embeddable":true,"href":"https:\/\/haberbesiktas.tr\/index.php?rest_route=%2Fwp%2Fv2%2Ftags&post=57614"}],"curies":[{"name":"wp","href":"https:\/\/api.w.org\/{rel}","templated":true}]}}