{"id":57618,"date":"2026-02-07T10:00:17","date_gmt":"2026-02-07T10:00:17","guid":{"rendered":"https:\/\/haberbesiktas.tr\/?p=57618"},"modified":"2026-02-07T10:00:17","modified_gmt":"2026-02-07T10:00:17","slug":"eyupsporda-robin-yalcin-ile-yollar-ayrildi","status":"publish","type":"post","link":"https:\/\/haberbesiktas.tr\/?p=57618","title":{"rendered":"Ey\u00fcpspor&#8217;da Robin Yal\u00e7\u0131n ile yollar ayr\u0131ld\u0131"},"content":{"rendered":"<div>Trendyol S\u00fcper Lig&#8217;de k\u00fcmede kalma u\u011fra\u015f\u0131 veren Ey\u00fcpspor&#8217;da, transferin son g\u00fcn\u00fcnde Robin Yal\u00e7\u0131n ile yollar ayr\u0131ld\u0131.<\/p>\n<p>Eflatun-sar\u0131l\u0131 kul\u00fcpten yap\u0131lan a\u00e7\u0131klamada, 2,5 d\u00f6nemdir Ey\u00fcpspor formas\u0131 giyen futbocuya te\u015fekk\u00fcr edilerek mesle\u011finin devam\u0131nda muvaffakiyetler dilendi.<\/p>\n<p> <strong>YEN\u0130 TAKIMI<\/p>\n<p><\/strong>32 ya\u015f\u0131ndaki futbolcu, TFF 1. Lig gruplar\u0131ndan I\u011fd\u0131r FK ile mutabakata vard\u0131. Deneyimli futbolcu, 1. Lig tak\u0131m\u0131yla 1.5 y\u0131ll\u0131k mukaveleye imza att\u0131.<\/p>\n<p> 2023-2024 d\u00f6nemi ba\u015f\u0131nda Ey\u00fcpspor&#8217;a transfer olan Robin Yal\u00e7\u0131n, grubuyla Trendyol 1. Lig \u015fampiyonlu\u011fu ya\u015fam\u0131\u015ft\u0131.<\/p>\n<\/div>\n","protected":false},"excerpt":{"rendered":"<p>S\u00fcper Lig tak\u0131mlar\u0131ndan ikas Ey\u00fcpspor, 32 ya\u015f\u0131ndaki futbolcusu Robin Yal\u00e7\u0131n&#8217;la yollar\u0131n\u0131 ay\u0131rd\u0131\u011f\u0131n\u0131 duyurdu.<\/p>\n","protected":false},"author":1,"featured_media":57619,"comment_status":"open","ping_status":"open","sticky":false,"template":"","format":"standard","meta":{"footnotes":""},"categories":[25],"tags":[],"class_list":["post-57618","post","type-post","status-publish","format-standard","has-post-thumbnail","hentry","category-futbol"],"_links":{"self":[{"href":"https:\/\/haberbesiktas.tr\/index.php?rest_route=\/wp\/v2\/posts\/57618","targetHints":{"allow":["GET"]}}],"collection":[{"href":"https:\/\/haberbesiktas.tr\/index.php?rest_route=\/wp\/v2\/posts"}],"about":[{"href":"https:\/\/haberbesiktas.tr\/index.php?rest_route=\/wp\/v2\/types\/post"}],"author":[{"embeddable":true,"href":"https:\/\/haberbesiktas.tr\/index.php?rest_route=\/wp\/v2\/users\/1"}],"replies":[{"embeddable":true,"href":"https:\/\/haberbesiktas.tr\/index.php?rest_route=%2Fwp%2Fv2%2Fcomments&post=57618"}],"version-history":[{"count":1,"href":"https:\/\/haberbesiktas.tr\/index.php?rest_route=\/wp\/v2\/posts\/57618\/revisions"}],"predecessor-version":[{"id":57620,"href":"https:\/\/haberbesiktas.tr\/index.php?rest_route=\/wp\/v2\/posts\/57618\/revisions\/57620"}],"wp:featuredmedia":[{"embeddable":true,"href":"https:\/\/haberbesiktas.tr\/index.php?rest_route=\/wp\/v2\/media\/57619"}],"wp:attachment":[{"href":"https:\/\/haberbesiktas.tr\/index.php?rest_route=%2Fwp%2Fv2%2Fmedia&parent=57618"}],"wp:term":[{"taxonomy":"category","embeddable":true,"href":"https:\/\/haberbesiktas.tr\/index.php?rest_route=%2Fwp%2Fv2%2Fcategories&post=57618"},{"taxonomy":"post_tag","embeddable":true,"href":"https:\/\/haberbesiktas.tr\/index.php?rest_route=%2Fwp%2Fv2%2Ftags&post=57618"}],"curies":[{"name":"wp","href":"https:\/\/api.w.org\/{rel}","templated":true}]}}