{"id":57621,"date":"2026-02-07T10:12:06","date_gmt":"2026-02-07T10:12:06","guid":{"rendered":"https:\/\/haberbesiktas.tr\/?p=57621"},"modified":"2026-02-07T10:12:06","modified_gmt":"2026-02-07T10:12:06","slug":"fenerbahceden-gelecege-yatirim-ali-demirbilek","status":"publish","type":"post","link":"https:\/\/haberbesiktas.tr\/?p=57621","title":{"rendered":"Fenerbah\u00e7e&#8217;den gelece\u011fe yat\u0131r\u0131m: Ali Demirbilek"},"content":{"rendered":"<div>Ara transfer devrinin bitimine saatler kala, Fenerbah\u00e7e&#8217;den bir atak daha geldi.<\/p>\n<p> Sar\u0131-Lacivertliler, Antalyaspor formas\u0131 giyen 17 ya\u015f\u0131ndaki Ali Demirbilek&#8217;i tak\u0131m\u0131na katt\u0131\u011f\u0131n\u0131 TFF&#8217;ye bildirdi.<\/p>\n<p> 1&#8217;i S\u00fcper Lig olmak \u00fczere 11 resmi ma\u00e7ta forma giydi. 2009 do\u011fumlu futbolcu, bu s\u00fcre\u00e7te 1 de gol katk\u0131s\u0131nda bulundu.<\/p>\n<\/div>\n","protected":false},"excerpt":{"rendered":"<p>Fenerbah\u00e7e, Antalyaspor formas\u0131 giyen 17 ya\u015f\u0131ndaki Ali Demirbilek&#8217;i tak\u0131m\u0131na katt\u0131\u011f\u0131n\u0131 TFF&#8217;ye bildirdi.<\/p>\n","protected":false},"author":1,"featured_media":57622,"comment_status":"open","ping_status":"open","sticky":false,"template":"","format":"standard","meta":{"footnotes":""},"categories":[25],"tags":[],"class_list":["post-57621","post","type-post","status-publish","format-standard","has-post-thumbnail","hentry","category-futbol"],"_links":{"self":[{"href":"https:\/\/haberbesiktas.tr\/index.php?rest_route=\/wp\/v2\/posts\/57621","targetHints":{"allow":["GET"]}}],"collection":[{"href":"https:\/\/haberbesiktas.tr\/index.php?rest_route=\/wp\/v2\/posts"}],"about":[{"href":"https:\/\/haberbesiktas.tr\/index.php?rest_route=\/wp\/v2\/types\/post"}],"author":[{"embeddable":true,"href":"https:\/\/haberbesiktas.tr\/index.php?rest_route=\/wp\/v2\/users\/1"}],"replies":[{"embeddable":true,"href":"https:\/\/haberbesiktas.tr\/index.php?rest_route=%2Fwp%2Fv2%2Fcomments&post=57621"}],"version-history":[{"count":1,"href":"https:\/\/haberbesiktas.tr\/index.php?rest_route=\/wp\/v2\/posts\/57621\/revisions"}],"predecessor-version":[{"id":57623,"href":"https:\/\/haberbesiktas.tr\/index.php?rest_route=\/wp\/v2\/posts\/57621\/revisions\/57623"}],"wp:featuredmedia":[{"embeddable":true,"href":"https:\/\/haberbesiktas.tr\/index.php?rest_route=\/wp\/v2\/media\/57622"}],"wp:attachment":[{"href":"https:\/\/haberbesiktas.tr\/index.php?rest_route=%2Fwp%2Fv2%2Fmedia&parent=57621"}],"wp:term":[{"taxonomy":"category","embeddable":true,"href":"https:\/\/haberbesiktas.tr\/index.php?rest_route=%2Fwp%2Fv2%2Fcategories&post=57621"},{"taxonomy":"post_tag","embeddable":true,"href":"https:\/\/haberbesiktas.tr\/index.php?rest_route=%2Fwp%2Fv2%2Ftags&post=57621"}],"curies":[{"name":"wp","href":"https:\/\/api.w.org\/{rel}","templated":true}]}}