{"id":57624,"date":"2026-02-07T10:24:06","date_gmt":"2026-02-07T10:24:06","guid":{"rendered":"https:\/\/haberbesiktas.tr\/?p=57624"},"modified":"2026-02-07T10:24:06","modified_gmt":"2026-02-07T10:24:06","slug":"trabzonsporda-oguz-aydin-transferi-an-meselesi","status":"publish","type":"post","link":"https:\/\/haberbesiktas.tr\/?p=57624","title":{"rendered":"Trabzonspor&#8217;da O\u011fuz Ayd\u0131n transferi an meselesi!"},"content":{"rendered":"<div>Ara transfer devrinin bitimine saatler kala Trabzonspor d\u0131\u015f transfer \u00e7al\u0131\u015fmalar\u0131 kapsam\u0131nda hamle \u00e7izgisi i\u00e7in somut ad\u0131mlar at\u0131lmaya devam ediyor.<\/p>\n<p> Trabzonspor idaresinin, d\u00f6nem ba\u015f\u0131nda Alanyaspor&#8217;dan Fenerbah\u00e7e&#8217;ye transfer olan O\u011fuz Ayd\u0131n ile olan ilgisinin s\u00fcrd\u00fc\u011f\u00fc biliniyordu.<\/p>\n<p> Transfer d\u00f6neminin sonuna yakla\u015f\u0131l\u0131rken O\u011fuz Ayd\u0131n transferinde yeni geli\u015fmeler ya\u015fan\u0131yor.<\/p>\n<p> Haber 61&#8217;de yer alan habere nazaran; Fenerbah\u00e7e ile daha evvel anla\u015fan Trabzonspor, O\u011fuz Ayd\u0131n&#8217;\u0131 da ikna etmek \u00fczere.<\/p>\n<p> Haberde, b\u00fcy\u00fck evre kaydedilen transfer i\u00e7in imzalar\u0131n an sorunu oldu\u011fu belirtildi.<\/p>\n<p> <strong>S\u00d6ZLE\u015eMES\u0130 2028&#8217;E KADAR S\u00dcR\u00dcYOR<\/strong><\/p>\n<p> Fenerbah\u00e7e ile 30 Haziran 2028 y\u0131l\u0131na kadar kontrat\u0131 bulunan ulusal oyuncu, her iki kanatta da misyon yapabiliyor. Mesle\u011finde y\u00fckseli\u015f ivmesi yakalayan O\u011fuz Ayd\u0131n&#8217;\u0131n akt\u00fcel piyasa bedelinin 10 milyon Euro d\u00fczeylerinde oldu\u011fu kaydedildi.\u00a0<\/p>\n<\/div>\n","protected":false},"excerpt":{"rendered":"<p>Trabzonspor&#8217;un Fenerbah\u00e7e&#8217;de forma giyen O\u011fuz Ayd\u0131n transferinde sona geldi\u011fi belirtildi.<\/p>\n","protected":false},"author":1,"featured_media":57625,"comment_status":"open","ping_status":"open","sticky":false,"template":"","format":"standard","meta":{"footnotes":""},"categories":[25],"tags":[48],"class_list":["post-57624","post","type-post","status-publish","format-standard","has-post-thumbnail","hentry","category-futbol","tag-transfer"],"_links":{"self":[{"href":"https:\/\/haberbesiktas.tr\/index.php?rest_route=\/wp\/v2\/posts\/57624","targetHints":{"allow":["GET"]}}],"collection":[{"href":"https:\/\/haberbesiktas.tr\/index.php?rest_route=\/wp\/v2\/posts"}],"about":[{"href":"https:\/\/haberbesiktas.tr\/index.php?rest_route=\/wp\/v2\/types\/post"}],"author":[{"embeddable":true,"href":"https:\/\/haberbesiktas.tr\/index.php?rest_route=\/wp\/v2\/users\/1"}],"replies":[{"embeddable":true,"href":"https:\/\/haberbesiktas.tr\/index.php?rest_route=%2Fwp%2Fv2%2Fcomments&post=57624"}],"version-history":[{"count":1,"href":"https:\/\/haberbesiktas.tr\/index.php?rest_route=\/wp\/v2\/posts\/57624\/revisions"}],"predecessor-version":[{"id":57626,"href":"https:\/\/haberbesiktas.tr\/index.php?rest_route=\/wp\/v2\/posts\/57624\/revisions\/57626"}],"wp:featuredmedia":[{"embeddable":true,"href":"https:\/\/haberbesiktas.tr\/index.php?rest_route=\/wp\/v2\/media\/57625"}],"wp:attachment":[{"href":"https:\/\/haberbesiktas.tr\/index.php?rest_route=%2Fwp%2Fv2%2Fmedia&parent=57624"}],"wp:term":[{"taxonomy":"category","embeddable":true,"href":"https:\/\/haberbesiktas.tr\/index.php?rest_route=%2Fwp%2Fv2%2Fcategories&post=57624"},{"taxonomy":"post_tag","embeddable":true,"href":"https:\/\/haberbesiktas.tr\/index.php?rest_route=%2Fwp%2Fv2%2Ftags&post=57624"}],"curies":[{"name":"wp","href":"https:\/\/api.w.org\/{rel}","templated":true}]}}