{"id":57627,"date":"2026-02-07T10:36:07","date_gmt":"2026-02-07T10:36:07","guid":{"rendered":"https:\/\/haberbesiktas.tr\/?p=57627"},"modified":"2026-02-07T10:36:07","modified_gmt":"2026-02-07T10:36:07","slug":"manchester-united-wilfred-ndidi-transferinden-vazgecti","status":"publish","type":"post","link":"https:\/\/haberbesiktas.tr\/?p=57627","title":{"rendered":"Manchester United, Wilfred Ndidi transferinden vazge\u00e7ti"},"content":{"rendered":"<div>\n<div>\n<div>Manchester United, orta transfer devrinde Wilfred Ndidi&#8217;yi g\u00fcndemine ald\u0131 fakat transfer s\u00fcreci sonu\u00e7lanmad\u0131. \u0130ngiliz kul\u00fcb\u00fc, orta saha i\u00e7in Ndidi se\u00e7ene\u011fini de\u011ferlendirse de resmi bir ad\u0131m atmad\u0131.<\/div>\n<div>\u00a0<\/div>\n<div>Ndidi&#8217;nin Ocak ay\u0131nda babas\u0131n\u0131 kaybetmesi, g\u00f6r\u00fc\u015fmelerin hassas bir ortamda ilerlemesine neden oldu. Bu durum transfer s\u00fcrecini etkileyen fakt\u00f6rlerden biri oldu. \u00d6te yandan Be\u015fikta\u015f da oyuncunun ekipte kalmas\u0131n\u0131 istedi\u011fini iletti.<\/div>\n<div>\u00a0<\/div>\n<div>T\u00fcm bu geli\u015fmelerin akabinde Manchester United, orta saha planlamas\u0131nda mevcut tak\u0131ma y\u00f6nelme karar\u0131 ald\u0131. Kul\u00fcpte Michael Carrick&#8217;in, Kobbie Mainoo ile yola devam edilmesi istikametinde karar verdi\u011fi belirtildi.<\/div>\n<\/p><\/div>\n<div>\u00a0<\/div>\n<\/p><\/div>\n","protected":false},"excerpt":{"rendered":"<p>Manchester United, orta transfer devrinde Wilfred Ndidi&#8217;yi g\u00fcndemine alsa da transferi sonu\u00e7land\u0131rmad\u0131.<\/p>\n","protected":false},"author":1,"featured_media":57628,"comment_status":"open","ping_status":"open","sticky":false,"template":"","format":"standard","meta":{"footnotes":""},"categories":[25],"tags":[],"class_list":["post-57627","post","type-post","status-publish","format-standard","has-post-thumbnail","hentry","category-futbol"],"_links":{"self":[{"href":"https:\/\/haberbesiktas.tr\/index.php?rest_route=\/wp\/v2\/posts\/57627","targetHints":{"allow":["GET"]}}],"collection":[{"href":"https:\/\/haberbesiktas.tr\/index.php?rest_route=\/wp\/v2\/posts"}],"about":[{"href":"https:\/\/haberbesiktas.tr\/index.php?rest_route=\/wp\/v2\/types\/post"}],"author":[{"embeddable":true,"href":"https:\/\/haberbesiktas.tr\/index.php?rest_route=\/wp\/v2\/users\/1"}],"replies":[{"embeddable":true,"href":"https:\/\/haberbesiktas.tr\/index.php?rest_route=%2Fwp%2Fv2%2Fcomments&post=57627"}],"version-history":[{"count":1,"href":"https:\/\/haberbesiktas.tr\/index.php?rest_route=\/wp\/v2\/posts\/57627\/revisions"}],"predecessor-version":[{"id":57629,"href":"https:\/\/haberbesiktas.tr\/index.php?rest_route=\/wp\/v2\/posts\/57627\/revisions\/57629"}],"wp:featuredmedia":[{"embeddable":true,"href":"https:\/\/haberbesiktas.tr\/index.php?rest_route=\/wp\/v2\/media\/57628"}],"wp:attachment":[{"href":"https:\/\/haberbesiktas.tr\/index.php?rest_route=%2Fwp%2Fv2%2Fmedia&parent=57627"}],"wp:term":[{"taxonomy":"category","embeddable":true,"href":"https:\/\/haberbesiktas.tr\/index.php?rest_route=%2Fwp%2Fv2%2Fcategories&post=57627"},{"taxonomy":"post_tag","embeddable":true,"href":"https:\/\/haberbesiktas.tr\/index.php?rest_route=%2Fwp%2Fv2%2Ftags&post=57627"}],"curies":[{"name":"wp","href":"https:\/\/api.w.org\/{rel}","templated":true}]}}