{"id":57630,"date":"2026-02-07T10:48:05","date_gmt":"2026-02-07T10:48:05","guid":{"rendered":"https:\/\/haberbesiktas.tr\/?p=57630"},"modified":"2026-02-07T10:48:05","modified_gmt":"2026-02-07T10:48:05","slug":"istanbulspordan-kaleci-isa-dogan-icin-aciklama","status":"publish","type":"post","link":"https:\/\/haberbesiktas.tr\/?p=57630","title":{"rendered":"\u0130stanbulspor&#8217;dan kaleci \u0130sa Do\u011fan i\u00e7in a\u00e7\u0131klama"},"content":{"rendered":"<div>Ziraat T\u00fcrkiye Kupas\u0131&#8217;nda Galatasaray ile oynanan ma\u00e7ta sakatlanarak oyuna devam edemeyen kaleci \u0130sa Do\u011fan&#8217;da kompleks y\u00fcz k\u0131r\u0131klar\u0131 tespit edildi.<\/p>\n<p> Sar\u0131-siyahl\u0131 kul\u00fcb\u00fcn toplumsal medya hesab\u0131ndan yapt\u0131\u011f\u0131 a\u00e7\u0131klamada, \u0130sa Do\u011fan&#8217;\u0131n rakibiyle \u00e7arp\u0131\u015ft\u0131ktan sonra oyundan \u00e7\u0131kmak zorunda kald\u0131\u011f\u0131 hat\u0131rlat\u0131larak, \u015fu s\u00f6zler kullan\u0131ld\u0131:<\/p>\n<p> &#8220;Yap\u0131lan tetkikler sonucunda oyuncumuzda kompleks y\u00fcz k\u0131r\u0131klar\u0131 tespit edilmi\u015ftir. Futbolcumuz, Ac\u0131badem Maslak Hastanesinde ger\u00e7ekle\u015ftirilen denetimlerin akabinde, ilgili bran\u015flar\u0131n i\u015ftirakiyle ba\u015far\u0131l\u0131 bir ameliyat ge\u00e7irmi\u015ftir. Oyuncumuza ge\u00e7mi\u015f olsun dileklerimizi iletiyor, en k\u0131sa m\u00fcddette alanlara d\u00f6nmesini temenni ediyoruz.&#8221;<\/p>\n<\/div>\n","protected":false},"excerpt":{"rendered":"<p>\u0130stanbulspor, Ziraat T\u00fcrkiye Kupas\u0131&#8217;nda Galatasaray ile oynanan ma\u00e7ta sakatlanarak oyundan \u00e7\u0131kan \u0130sa Do\u011fan&#8217;\u0131n durumu hakk\u0131nda a\u00e7\u0131klama yapt\u0131.<\/p>\n","protected":false},"author":1,"featured_media":57631,"comment_status":"open","ping_status":"open","sticky":false,"template":"","format":"standard","meta":{"footnotes":""},"categories":[25],"tags":[],"class_list":["post-57630","post","type-post","status-publish","format-standard","has-post-thumbnail","hentry","category-futbol"],"_links":{"self":[{"href":"https:\/\/haberbesiktas.tr\/index.php?rest_route=\/wp\/v2\/posts\/57630","targetHints":{"allow":["GET"]}}],"collection":[{"href":"https:\/\/haberbesiktas.tr\/index.php?rest_route=\/wp\/v2\/posts"}],"about":[{"href":"https:\/\/haberbesiktas.tr\/index.php?rest_route=\/wp\/v2\/types\/post"}],"author":[{"embeddable":true,"href":"https:\/\/haberbesiktas.tr\/index.php?rest_route=\/wp\/v2\/users\/1"}],"replies":[{"embeddable":true,"href":"https:\/\/haberbesiktas.tr\/index.php?rest_route=%2Fwp%2Fv2%2Fcomments&post=57630"}],"version-history":[{"count":1,"href":"https:\/\/haberbesiktas.tr\/index.php?rest_route=\/wp\/v2\/posts\/57630\/revisions"}],"predecessor-version":[{"id":57632,"href":"https:\/\/haberbesiktas.tr\/index.php?rest_route=\/wp\/v2\/posts\/57630\/revisions\/57632"}],"wp:featuredmedia":[{"embeddable":true,"href":"https:\/\/haberbesiktas.tr\/index.php?rest_route=\/wp\/v2\/media\/57631"}],"wp:attachment":[{"href":"https:\/\/haberbesiktas.tr\/index.php?rest_route=%2Fwp%2Fv2%2Fmedia&parent=57630"}],"wp:term":[{"taxonomy":"category","embeddable":true,"href":"https:\/\/haberbesiktas.tr\/index.php?rest_route=%2Fwp%2Fv2%2Fcategories&post=57630"},{"taxonomy":"post_tag","embeddable":true,"href":"https:\/\/haberbesiktas.tr\/index.php?rest_route=%2Fwp%2Fv2%2Ftags&post=57630"}],"curies":[{"name":"wp","href":"https:\/\/api.w.org\/{rel}","templated":true}]}}